{"id":78,"date":"2020-02-24T16:19:38","date_gmt":"2020-02-24T15:19:38","guid":{"rendered":"http:\/\/www.val-de-marne-environnement.fr\/?p=78"},"modified":"2020-12-09T10:34:41","modified_gmt":"2020-12-09T09:34:41","slug":"enquete-publique-sur-le-projet-de-reconstruction-de-lusine-dincineration-divry-paris-xiii","status":"publish","type":"post","link":"https:\/\/www.fne94.fr\/index.php\/2020\/02\/24\/enquete-publique-sur-le-projet-de-reconstruction-de-lusine-dincineration-divry-paris-xiii\/","title":{"rendered":"Enqu\u00eate publique sur le projet de reconstruction de l\u2019usine d\u2019incin\u00e9ration d\u2019Ivry-Paris XIII"},"content":{"rendered":"\t\t<div data-elementor-type=\"wp-post\" data-elementor-id=\"78\" class=\"elementor elementor-78\">\n\t\t\t\t\t\t<section class=\"elementor-section elementor-top-section elementor-element elementor-element-e9e09ec elementor-section-boxed elementor-section-height-default elementor-section-height-default\" data-id=\"e9e09ec\" data-element_type=\"section\">\n\t\t\t\t\t\t<div class=\"elementor-container elementor-column-gap-default\">\n\t\t\t\t\t<div class=\"elementor-column elementor-col-100 elementor-top-column elementor-element elementor-element-dfa37c1\" data-id=\"dfa37c1\" data-element_type=\"column\">\n\t\t\t<div class=\"elementor-widget-wrap elementor-element-populated\">\n\t\t\t\t\t\t<div class=\"elementor-element elementor-element-4e13094 elementor-widget elementor-widget-text-editor\" data-id=\"4e13094\" data-element_type=\"widget\" data-widget_type=\"text-editor.default\">\n\t\t\t\t<div class=\"elementor-widget-container\">\n\t\t\t\t\t\t\t<p><strong><em>\u00a0\u00a0\u00a0\u00a0\u00a0\u00a0\u00a0\u00a0\u00a0\u00a0\u00a0\u00a0\u00a0\u00a0\u00a0\u00a0\u00a0\u00a0\u00a0\u00a0\u00a0\u00a0\u00a0\u00a0\u00a0\u00a0\u00a0\u00a0\u00a0\u00a0\u00a0\u00a0\u00a0\u00a0\u00a0\u00a0\u00a0\u00a0\u00a0\u00a0\u00a0\u00a0\u00a0\u00a0\u00a0\u00a0\u00a0\u00a0\u00a0\u00a0\u00a0\u00a0\u00a0\u00a0\u00a0\u00a0\u00a0\u00a0\u00a0\u00a0\u00a0\u00a0\u00a0\u00a0\u00a0\u00a0\u00a0\u00a0\u00a0\u00a0\u00a0\u00a0\u00a0\u00a0\u00a0\u00a0\u00a0\u00a0\u00a0\u00a0\u00a0\u00a0\u00a0\u00a0\u00a0\u00a0\u00a0\u00a0\u00a0 Avis d\u00e9favorable<\/em><\/strong><\/p><p>Messieurs les Commissaires enqu\u00eateurs,<\/p><p>Le pr\u00e9sent document constitue la contribution de FNE Ile-de-France \u00e0 l&rsquo;enqu\u00eate sur le projet de reconstruction d\u2019une installation d\u2019incin\u00e9ration sur le site Ivry-Paris XIII d\u2019une capacit\u00e9 de 350 000 tonnes soumis \u00e0 enqu\u00eate publique du 22 mai au 25 juin 2018.<\/p><p>Notre analyse du dossier porte uniquement sur la justification du projet. Comme nous vous le d\u00e9montrons, ce projet n\u2019est pas justifi\u00e9 aux regards des exigences r\u00e9glementaires de pr\u00e9vention et de recyclage ainsi que de l\u2019urgence \u00e0 lutter contre le r\u00e9chauffement climatique. Nous ne pouvons donc pas nous positionner sur les incidences environnementales sachant que la premi\u00e8re \u00e9tape de tout projet de traitement des d\u00e9chets (d\u00e9montrer sa compatibilit\u00e9 aux exigences r\u00e9glementaires) n\u2019est pas franchie. Les incidences environnementales ne peuvent donc pas \u00eatre appr\u00e9ci\u00e9es au regard d\u2019un besoin et ne sont donc pas admissibles.<\/p><p>(1) Nous vous indiquons que <strong>l\u2019ensemble des f\u00e9d\u00e9rations r\u00e9gionales et FNE ont pris position depuis le 14 mars 2018 pour exiger un gel des projets d\u2019usines d\u2019incin\u00e9ration et de centres d\u2019enfouissement dans l\u2019attente de la validation des Plans R\u00e9gionaux de Pr\u00e9vention et de Gestion des D\u00e9chets (PRPGD)<\/strong>. En effet, tout projet d\u2019installation de traitement des d\u00e9chets doit justifier de son dimensionnement et celui-ci doit \u00eatre compatible avec le PRPGD. Le PRPGD d\u2019\u00cele-de-France \u00e9tant en cours d\u2019\u00e9laboration cette d\u00e9monstration n\u2019est pas possible.<\/p><p>Nous vous prions d\u2019acter que notre contribution est pleinement en accord avec la position de FNE national (Voir les deux communications nationales de FNE sur le projet Ivry-Paris XIII ci-apr\u00e8s).<\/p><p>(2) Le r\u00e9cent avis de la Mission r\u00e9gionale d\u2019autorit\u00e9 environnementale (MRAe) d\u2019\u00cele-de-France sur le cadrage pr\u00e9alable \u00e0 la r\u00e9alisation de l\u2019\u00e9valuation environnementale du (PRPGD) en date du 14 juin 2018, et la pr\u00e9sentation des premiers sc\u00e9narios du PRPGD en date du 13 juin en groupe de travail d\u00e9montre que :<\/p><ul><li><strong>Le projet bas\u00e9 sur un taux de recyclage de 26 % des ordures m\u00e9nag\u00e8res et assimil\u00e9s en 2030 ne permet pas d\u2019atteindre l\u2019objectif r\u00e9glementaire de d\u00e9passer les 50 % de recyclage sur notre r\u00e9gion ;<\/strong><\/li><li><strong>Les premiers sc\u00e9narios de la r\u00e9gion \u00cele-de-France indiquent qu\u2019il est n\u00e9cessaire de diminuer les capacit\u00e9s d\u2019incin\u00e9ration de notre r\u00e9gion de plus 1.1 millions de tonnes ce qui n\u00e9cessite de ne pas reconstruire de nouvelles usines tout en fermant le site actuel.<br \/><\/strong><p>\u00a0<\/p><\/li><\/ul><p>(3) La r\u00e9glementation a consid\u00e9rablement \u00e9t\u00e9 renforc\u00e9e le 22 mai 2018. En effet, la r\u00e9vision de la Directive 2008\/98\/CE relative aux d\u00e9chets a \u00e9t\u00e9 vot\u00e9e par le Parlement europ\u00e9en et adopt\u00e9e par le Conseil europ\u00e9en. La directive \u00ab<strong><em> fixe de nouvelles r\u00e8gles relatives \u00e0 la gestion des d\u00e9chets et \u00e9tablit des objectifs juridiquement contraignants en mati\u00e8re de recyclage.<\/em><\/strong> \u00bb. La directive pr\u00e9cise que \u00ab <strong><em>d\u2019ici 2025, la pr\u00e9paration en vue du r\u00e9emploi et le recyclage des d\u00e9chets municipaux passent \u00e0 un minimum de 55 % en poids<\/em> <\/strong>\u00bb. Cet objectif est port\u00e9 \u00e0 60 % en 2030 et 65 % en 2035. Le projet visant \u00e0 traiter des d\u00e9chets municipaux, ces objectifs s\u2019imposent pleinement au Syctom.<\/p><p>(4) Nous constatons que l\u2019avis de l\u2019Autorit\u00e9 Environnementale (Ae) sur le projet rel\u00e8ve que le bilan des \u00e9missions de gaz \u00e0 effets de serre est erron\u00e9. Le ma\u00eetre d\u2019ouvrage n\u2019a pas souhait\u00e9 r\u00e9pondre \u00e0 cette indication forte de l\u2019Ae dans son m\u00e9moire en r\u00e9ponse \u00e0 cet avis. Nous rappelons que l\u2019article R.122-5 du code de l&rsquo;environnement pr\u00e9cisant le contenu des demandes d\u2019autorisation d\u2019exploiter une installation class\u00e9e pour la protection de l\u2019environnement indique que : les es incidences du projet sur le climat et de la vuln\u00e9rabilit\u00e9 du projet au changement climatique doivent \u00eatre pr\u00e9sent\u00e9es au public.<\/p><p>En prenant en compte les corrections mentionn\u00e9es par l\u2019Ae, le projet ne contribue pas \u00e0 la lutte contre le r\u00e9chauffement climatique. De plus, nous rappelons que <strong>les objectifs r\u00e9glementaires de pr\u00e9vention et de recyclage sont con\u00e7us pour permettre une r\u00e9duction des \u00e9missions de gaz \u00e0 effet de serre. Seule l\u2019atteinte de ces objectifs permet de lutter contre le r\u00e9chauffement climatique.<\/strong><\/p><p><strong>La vocation des objectifs r\u00e9glementaires est \u00e9galement de r\u00e9assigner les investissements. FNE \u00cele-de-France consid\u00e8re que si un investissement massif \u00e0 hauteur de celui sur ce nouveau projet d\u2019incin\u00e9ration (plusieurs centaines de millions d\u2019euros) \u00e9tait r\u00e9alis\u00e9 pour am\u00e9liorer les actions de pr\u00e9vention, le tri s\u00e9lectif et les fili\u00e8res de recyclage, les performances atteintes dans les autres agglom\u00e9rations europ\u00e9ennes, d\u00e9j\u00e0 proche de 50 % de recyclage, pourraient l&rsquo;\u00eatre dans notre r\u00e9gion.<\/strong><\/p><p><strong>Au vu de ces motifs, FNE \u00cele-de-France donne un avis d\u00e9favorable au projet de reconstruction de l\u2019usine d\u2019incin\u00e9ration d\u2019Ivry-Paris XIII.<\/strong><\/p><p><strong>Une contrainte r\u00e9glementaire majeure n\u2019\u00e9tant pas analys\u00e9e dans le dossier, Messieurs les Commissaires enqu\u00eateurs, FNE \u00cele-de-France vous demande de porter la plus grande attention et de mettre en \u0153uvre tous les moyens n\u00e9cessaires vous permettant de rendre un avis pr\u00e9cis sur la justification du projet.<\/strong><\/p><p><strong>Nous vous prions, Messieurs les Commissaires enqu\u00eateurs, de recevoir nos encouragements pour rendre un avis \u00e9clair\u00e9 sur ce projet.<\/strong><\/p><p>\u00a0<\/p>\t\t\t\t\t\t<\/div>\n\t\t\t\t<\/div>\n\t\t\t\t\t<\/div>\n\t\t<\/div>\n\t\t\t\t\t<\/div>\n\t\t<\/section>\n\t\t\t\t<\/div>\n\t\t","protected":false},"excerpt":{"rendered":"<p>&nbsp;&nbsp;&nbsp;&nbsp;&nbsp;&nbsp;&nbsp;&nbsp;&nbsp;&nbsp;&nbsp;&nbsp;&nbsp;&nbsp;&nbsp;&nbsp;&nbsp;&nbsp;&nbsp;&nbsp;&nbsp;&nbsp;&nbsp;&nbsp;&nbsp;&nbsp;&nbsp;&nbsp;&nbsp;&nbsp;&nbsp;&nbsp;&nbsp;&nbsp;&nbsp;&nbsp;&nbsp;&nbsp;&nbsp;&nbsp;&nbsp;&nbsp;&nbsp;&nbsp;&nbsp;&nbsp;&nbsp;&nbsp;&nbsp;&nbsp;&nbsp;&nbsp;&nbsp;&nbsp;&nbsp;&nbsp;&nbsp;&nbsp;&nbsp;&nbsp;&nbsp;&nbsp;&nbsp;&nbsp;&nbsp;&nbsp;&nbsp;&nbsp;&nbsp;&nbsp;&nbsp;&nbsp;&nbsp;&nbsp;&nbsp;&nbsp;&nbsp;&nbsp;&nbsp;&nbsp;&nbsp;&nbsp;&nbsp;&nbsp;&nbsp;&nbsp;&nbsp;&nbsp;&nbsp; Avis d\u00e9favorable Messieurs les Commissaires enqu\u00eateurs, Le pr\u00e9sent document constitue la contribution de FNE Ile-de-France \u00e0 l&rsquo;enqu\u00eate sur le projet de reconstruction d\u2019une installation d\u2019incin\u00e9ration sur le site Ivry-Paris XIII d\u2019une capacit\u00e9 de 350 000 tonnes soumis \u00e0 enqu\u00eate publique du 22 mai au 25 juin 2018. Notre analyse du dossier porte uniquement sur [&hellip;]<\/p>\n","protected":false},"author":1,"featured_media":79,"comment_status":"closed","ping_status":"open","sticky":false,"template":"","format":"standard","meta":{"_exactmetrics_skip_tracking":false,"_exactmetrics_sitenote_active":false,"_exactmetrics_sitenote_note":"","_exactmetrics_sitenote_category":0,"ocean_post_layout":"full-width","ocean_both_sidebars_style":"","ocean_both_sidebars_content_width":0,"ocean_both_sidebars_sidebars_width":0,"ocean_sidebar":"0","ocean_second_sidebar":"0","ocean_disable_margins":"enable","ocean_add_body_class":"","ocean_shortcode_before_top_bar":"","ocean_shortcode_after_top_bar":"","ocean_shortcode_before_header":"","ocean_shortcode_after_header":"","ocean_has_shortcode":"","ocean_shortcode_after_title":"","ocean_shortcode_before_footer_widgets":"","ocean_shortcode_after_footer_widgets":"","ocean_shortcode_before_footer_bottom":"","ocean_shortcode_after_footer_bottom":"","ocean_display_top_bar":"default","ocean_display_header":"default","ocean_header_style":"","ocean_center_header_left_menu":"0","ocean_custom_header_template":"0","ocean_custom_logo":0,"ocean_custom_retina_logo":0,"ocean_custom_logo_max_width":0,"ocean_custom_logo_tablet_max_width":0,"ocean_custom_logo_mobile_max_width":0,"ocean_custom_logo_max_height":0,"ocean_custom_logo_tablet_max_height":0,"ocean_custom_logo_mobile_max_height":0,"ocean_header_custom_menu":"0","ocean_menu_typo_font_family":"0","ocean_menu_typo_font_subset":"","ocean_menu_typo_font_size":0,"ocean_menu_typo_font_size_tablet":0,"ocean_menu_typo_font_size_mobile":0,"ocean_menu_typo_font_size_unit":"px","ocean_menu_typo_font_weight":"","ocean_menu_typo_font_weight_tablet":"","ocean_menu_typo_font_weight_mobile":"","ocean_menu_typo_transform":"","ocean_menu_typo_transform_tablet":"","ocean_menu_typo_transform_mobile":"","ocean_menu_typo_line_height":0,"ocean_menu_typo_line_height_tablet":0,"ocean_menu_typo_line_height_mobile":0,"ocean_menu_typo_line_height_unit":"","ocean_menu_typo_spacing":0,"ocean_menu_typo_spacing_tablet":0,"ocean_menu_typo_spacing_mobile":0,"ocean_menu_typo_spacing_unit":"","ocean_menu_link_color":"","ocean_menu_link_color_hover":"","ocean_menu_link_color_active":"","ocean_menu_link_background":"","ocean_menu_link_hover_background":"","ocean_menu_link_active_background":"","ocean_menu_social_links_bg":"","ocean_menu_social_hover_links_bg":"","ocean_menu_social_links_color":"","ocean_menu_social_hover_links_color":"","ocean_disable_title":"default","ocean_disable_heading":"default","ocean_post_title":"","ocean_post_subheading":"","ocean_post_title_style":"","ocean_post_title_background_color":"","ocean_post_title_background":0,"ocean_post_title_bg_image_position":"","ocean_post_title_bg_image_attachment":"","ocean_post_title_bg_image_repeat":"","ocean_post_title_bg_image_size":"","ocean_post_title_height":0,"ocean_post_title_bg_overlay":0.5,"ocean_post_title_bg_overlay_color":"","ocean_disable_breadcrumbs":"default","ocean_breadcrumbs_color":"","ocean_breadcrumbs_separator_color":"","ocean_breadcrumbs_links_color":"","ocean_breadcrumbs_links_hover_color":"","ocean_display_footer_widgets":"default","ocean_display_footer_bottom":"default","ocean_custom_footer_template":"0","cybocfi_hide_featured_image":"","ocean_post_oembed":"","ocean_post_self_hosted_media":"","ocean_post_video_embed":"","ocean_link_format":"","ocean_link_format_target":"self","ocean_quote_format":"","ocean_quote_format_link":"post","ocean_gallery_link_images":"off","ocean_gallery_id":[],"footnotes":""},"categories":[8],"tags":[],"class_list":["post-78","post","type-post","status-publish","format-standard","has-post-thumbnail","hentry","category-sante-pollution","entry","has-media"],"_links":{"self":[{"href":"https:\/\/www.fne94.fr\/index.php\/wp-json\/wp\/v2\/posts\/78"}],"collection":[{"href":"https:\/\/www.fne94.fr\/index.php\/wp-json\/wp\/v2\/posts"}],"about":[{"href":"https:\/\/www.fne94.fr\/index.php\/wp-json\/wp\/v2\/types\/post"}],"author":[{"embeddable":true,"href":"https:\/\/www.fne94.fr\/index.php\/wp-json\/wp\/v2\/users\/1"}],"replies":[{"embeddable":true,"href":"https:\/\/www.fne94.fr\/index.php\/wp-json\/wp\/v2\/comments?post=78"}],"version-history":[{"count":7,"href":"https:\/\/www.fne94.fr\/index.php\/wp-json\/wp\/v2\/posts\/78\/revisions"}],"predecessor-version":[{"id":455,"href":"https:\/\/www.fne94.fr\/index.php\/wp-json\/wp\/v2\/posts\/78\/revisions\/455"}],"wp:featuredmedia":[{"embeddable":true,"href":"https:\/\/www.fne94.fr\/index.php\/wp-json\/wp\/v2\/media\/79"}],"wp:attachment":[{"href":"https:\/\/www.fne94.fr\/index.php\/wp-json\/wp\/v2\/media?parent=78"}],"wp:term":[{"taxonomy":"category","embeddable":true,"href":"https:\/\/www.fne94.fr\/index.php\/wp-json\/wp\/v2\/categories?post=78"},{"taxonomy":"post_tag","embeddable":true,"href":"https:\/\/www.fne94.fr\/index.php\/wp-json\/wp\/v2\/tags?post=78"}],"curies":[{"name":"wp","href":"https:\/\/api.w.org\/{rel}","templated":true}]}}