{"id":243,"date":"2020-04-16T12:10:41","date_gmt":"2020-04-16T10:10:41","guid":{"rendered":"http:\/\/www.val-de-marne-environnement.fr\/?p=243"},"modified":"2020-07-06T12:06:54","modified_gmt":"2020-07-06T10:06:54","slug":"contribution-vdme-scot-mgp","status":"publish","type":"post","link":"https:\/\/www.fne94.fr\/index.php\/2020\/04\/16\/contribution-vdme-scot-mgp\/","title":{"rendered":"Contribution de Val-de-Marne Environnement &#8211; SCOT MGP"},"content":{"rendered":"\t\t<div data-elementor-type=\"wp-post\" data-elementor-id=\"243\" class=\"elementor elementor-243\">\n\t\t\t\t\t\t<section class=\"elementor-section elementor-top-section elementor-element elementor-element-657f54c elementor-section-boxed elementor-section-height-default elementor-section-height-default\" data-id=\"657f54c\" data-element_type=\"section\">\n\t\t\t\t\t\t<div class=\"elementor-container elementor-column-gap-default\">\n\t\t\t\t\t<div class=\"elementor-column elementor-col-100 elementor-top-column elementor-element elementor-element-8fb6a61\" data-id=\"8fb6a61\" data-element_type=\"column\">\n\t\t\t<div class=\"elementor-widget-wrap elementor-element-populated\">\n\t\t\t\t\t\t<div class=\"elementor-element elementor-element-24a56af elementor-widget elementor-widget-text-editor\" data-id=\"24a56af\" data-element_type=\"widget\" data-widget_type=\"text-editor.default\">\n\t\t\t\t<div class=\"elementor-widget-container\">\n\t\t\t\t\t\t\t<p><span lang=\"fr-FR\">D\u00e9gradation de l&rsquo;environnement et de la biodiversit\u00e9 : un constat \u00e9difiant et partag\u00e9 au niveau de la plan\u00e8te, de l&rsquo;Europe, de la France \u2026 et de la MGP. <\/span><\/p><p><span lang=\"fr-FR\">Tout d&rsquo;abord, quelques chiffres sur l&rsquo;ampleur de l&rsquo;extinction massive de la faune permettent de mieux appr\u00e9hender la d\u00e9gradation de la situation actuelle tant au niveau global qu&rsquo;au niveau local. <\/span><\/p><p><span lang=\"fr-FR\">Au rythme de ces d\u00e9gradations et de la disparition des esp\u00e8ces, on ne peut d&rsquo;ailleurs plus parler d&rsquo;\u00e9rosion de la biodiversit\u00e9 mais plut\u00f4t d&rsquo;une extinction en cours et programm\u00e9e de celle-ci si rien n&rsquo;est fait avec un constat qui est, nous le verrons, d&rsquo;autant plus valable pour la MGP. <\/span><\/p><p><span lang=\"fr-FR\">Il est \u00e0 noter que les donn\u00e9es pr\u00e9sent\u00e9es dans ce cahier d&rsquo;acteurs viennent d&rsquo;organismes d&rsquo;\u00e9tudes diff\u00e9rents et font aujourd&rsquo;hui consensus dans la communaut\u00e9 scientifique. <\/span><\/p><p><span lang=\"fr-FR\">Au niveau mondial tout d&rsquo;abord, 60% des animaux sauvages ont disparu de la surface de la terre en quarante-quatre ans. Source presse : <span style=\"color: #3366ff;\"><u>https:\/\/www.lexpress.fr\/actualite\/societe\/environnement\/en-40-ans-60-des-animaux-sauvages-ontdisparu_2045249.html<\/u><\/span> Source de l&rsquo;\u00e9tude : WWF <span style=\"color: #3366ff;\"><u>https:\/\/www.wwf.fr\/rapport-planete-vivante-2018<\/u><\/span>. <\/span><\/p><p><span lang=\"fr-FR\">Au niveau europ\u00e9en, notre continent a perdu plus de 400 millions d&rsquo;oiseaux d&rsquo;esp\u00e8ces communes en 30 ans. Source presse : <span style=\"color: #3366ff;\"><u>https:\/\/www.lemonde.fr\/planete\/article\/2014\/11\/03\/l-europe-a-perdu-plus-de-400-millions-d-oiseaux-despeces-communes-en-30-ans_4516884_3244.html<\/u><\/span> source de l&rsquo;\u00e9tude : Ecology Letter <span style=\"color: #3366ff;\"><u>https:\/\/onlinelibrary.wiley.com\/doi\/abs\/10.1111\/ele.12387<\/u> <\/span><\/span><\/p><p><span lang=\"fr-FR\">En France, la population des oiseaux a diminu\u00e9 d&rsquo;un tiers en 15 ans Source presse : <span style=\"color: #3366ff;\"><u>https:\/\/www.francetvinfo.fr\/economie\/emploi\/metiers\/agriculture\/les-oiseaux-disparaissent_2686354.html<\/u><\/span> Source de l&rsquo;\u00e9tude : Mus\u00e9um National d&rsquo;Histoire Naturelle \/ CNRS <\/span><\/p><p><span lang=\"fr-FR\">En \u00cele-de-France, le constat est encore plus pr\u00e9occupant que dans le reste de la France notamment pour l\u2019avifaune. Entre 2004 et 2017, la population d\u2019esp\u00e8ces d\u2019oiseaux vivant en milieu agricole, telles que le bruant jaune, a chut\u00e9 de 44 %, plus encore qu\u2019au niveau national (\u2013 33 %). Source presse : <span style=\"color: #000000;\"><span style=\"color: #3366ff;\"><u>https:\/\/www.lemonde.fr\/planete\/article\/2019\/06\/20\/en-ile-de-france-la-faune-et-laflore-a-l-epreuve-du-betonet-des-pesticides_5479325_3244.html<\/u><\/span> Source de l&rsquo;\u00e9tude : Agence r\u00e9gionale de la biodiversit\u00e9 d&rsquo;\u00cele-de-France <span style=\"color: #3366ff;\"><u>http:\/\/arb-idf.fr\/sites\/arbidf\/files\/document\/ressources\/panoramabio_web.pdf<\/u> <\/span><\/span><\/span><\/p><p><span lang=\"fr-FR\">CONTRIBUTION CDA21 \u2022 ao\u00fbt 19 2 <\/span><\/p><p><span lang=\"fr-FR\">A Paris, une esp\u00e8ce pourtant consid\u00e9r\u00e9e encore r\u00e9cemment comme \u00ab\u00a0commune\u00a0\u00bb telle que le moineau a chut\u00e9 de 73% entre 2013 et 2016 Source de l\u2019\u00e9tude Agence r\u00e9gionale de la biodiversit\u00e9 d&rsquo;\u00cele-de-France : <span style=\"color: #3366ff;\"><u>http:\/\/www.arb-idf.fr\/sites\/arbidf\/files\/document\/article\/chiffres-clefs-la-biodiversite-en-ile-de-france.pdf.pdf<\/u> <\/span><\/span><\/p><p><span lang=\"fr-FR\">Outre la protection de la faune, le risque sanitaire est bien pr\u00e9sent et les chiffres sont l\u00e0 aussi pr\u00e9occupants avec 48000 d\u00e9c\u00e8s par an li\u00e9s \u00e0 la pollution en France Source : <span style=\"color: #3366ff;\"><u>https:\/\/www.lemonde.fr\/les-decodeurs\/article\/2019\/02\/27\/avec-48-000-morts-par-an-en-france-la-pollution-de-l-airtue-plus-que-l-alcool_5429074_4355770.html<\/u><\/span> Source de l\u2019\u00e9tude : Invs, Onisr, Sant\u00e9 publique France <\/span><\/p><p><span lang=\"fr-FR\">Des causes tr\u00e8s pr\u00e9sentes dans la MGP <\/span><\/p><p><span lang=\"fr-FR\">L&rsquo;activit\u00e9 humaine est identifi\u00e9e comme principale responsable de cette perte de biodiversit\u00e9 via l\u2019urbanisation, l&rsquo;imperm\u00e9abilisation des sols, la d\u00e9forestation, la destruction des habitats des diff\u00e9rentes esp\u00e8ces, l&rsquo;utilisation g\u00e9n\u00e9ralis\u00e9e de pesticides, la pollution de l&rsquo;air et des cours d&rsquo;eau et le d\u00e9clin des zones humides. Cela est d&rsquo;autant plus vrai dans L&rsquo;Ile-de-France qui a 23 % de son territoire urbanis\u00e9 et abrite pr\u00e8s de 20 % de la population fran\u00e7aise pour environ 2% du territoire. 53 % du territoire francilien est compos\u00e9 de milieux ouverts, en grande majorit\u00e9 cultiv\u00e9s (47%). <\/span><\/p><p><span lang=\"fr-FR\">-20 % de papillons entre 2006 et 2014 dans les milieux agricoles en \u00cele de France avec +28 % de doses unitaires de produits phytosanitaires sur la p\u00e9riode 2008-2015 (+35% d\u2019herbicides). <\/span><\/p><p><span lang=\"fr-FR\">(Source de l\u2019\u00e9tude Agence r\u00e9gionale de la biodiversit\u00e9 d&rsquo;\u00cele-de-France: <span style=\"text-decoration: underline;\"><span style=\"color: #3366ff; text-decoration: underline;\">http:\/\/www.arb-idf.fr\/sites\/arbidf\/files\/document\/article\/chiffres-clefs-la-biodiversite-en-ile-de-france.pdf.pdf<\/span><\/span>) <\/span><\/p><p><span lang=\"fr-FR\">\u00ab Dans la plupart des cas, les proportions d\u2019esp\u00e8ces menac\u00e9es et \u00e9teintes r\u00e9gionalement sont un peu plus \u00e9lev\u00e9es que dans les r\u00e9gions adjacentes, mettant en \u00e9vidence l\u2019influence de la m\u00e9tropole sur l\u2019\u00e9tat de la biodiversit\u00e9, qui tend \u00e0 s\u2019am\u00e9liorer \u00e0 mesure que l\u2019on s\u2019en \u00e9loigne \u00bb, \u00e9crit l\u2019Agence r\u00e9gionale de la biodiversit\u00e9 d&rsquo;\u00cele-de-France. <\/span><\/p><p><span lang=\"fr-FR\">Faire avec \u00ab la fin d\u2019un monde \u00bb <\/span><\/p><p><span lang=\"fr-FR\">Nous sommes \u00e0 l\u2019\u00e9poque de l\u2019anthropoc\u00e8ne. Il revient aux hommes de tenter de r\u00e9soudre les probl\u00e8mes qu\u2019ils ont cr\u00e9\u00e9s. Concentrant les populations, les activit\u00e9s, et l\u2019intensit\u00e9 urbaine, la M\u00e9tropole du Grand Paris a \u00e0 r\u00e9pondre \u00e0 ces graves questions qui se posent \u00e0 l\u2019\u00e9chelle du monde. <\/span><\/p><p><span lang=\"fr-FR\">Moins de 20 cahiers d\u2019acteur ont \u00e9t\u00e9 remis par les repr\u00e9sentants de la soci\u00e9t\u00e9 civile pour plus de 7 millions d\u2019habitants de la M\u00e9tropole. Cette faible mobilisation signifie que le rapport essentiel que les hommes entretiennent avec la nature et finalement avec la vie n\u2019a pas \u00e9t\u00e9 per\u00e7ue comme l\u2019objet de ce SCoT. <\/span><\/p><p><span lang=\"fr-FR\">Le droit de construire en France d\u00e9coule du droit de propri\u00e9t\u00e9 qui lui-m\u00eame d\u00e9coule des droits de l\u2019homme. Les documents d\u2019urbanisme ont pour objet de contenir ce droit de construire dans ce qui est soutenable au regard des autres probl\u00e9matiques et tout particuli\u00e8rement de la pr\u00e9servation de la vie sur terre. L\u2019effondrement de la biodiversit\u00e9 et plus largement du vivant auquel nous assistons nous oblige \u00e0 nous r\u00e9f\u00e9rer en tout premier lieu aux milieux naturels pour \u00e9laborer un document d\u2019urbanisme tant qu\u2019un droit n\u2019est pas accord\u00e9 \u00e0 ces milieux. <\/span><\/p><p><span lang=\"fr-FR\">Pour sensibiliser \u00e0 l\u2019importance actuelle d\u2019un tel document, la proc\u00e9dure d\u2019\u00e9laboration du SCOT doit poursuivre la concertation initi\u00e9e par les cahiers d\u2019acteur. Nous pouvons esp\u00e9rer qu\u2019une plus grande solidarit\u00e9 se d\u00e9veloppe face aux pr\u00e9sentes crises \u00e9cologiques. <\/span><\/p><p><span lang=\"fr-FR\">CONTRIBUTION CDA21 \u2022 ao\u00fbt 19 3 <\/span><\/p><p><span lang=\"fr-FR\">Le p\u00e9rim\u00e8tre du SCoT <\/span><\/p><p><span lang=\"fr-FR\">Les densit\u00e9s d\u2019habitat et d\u2019emploi rend les urbains particuli\u00e8rement sensibles \u00e0 la qualit\u00e9 environnementale et aux vertus des milieux naturels. Ce qui les pr\u00e9dispose \u00e0 devenir des acteurs de la transition. Les institutions m\u00e9tropolitaines trouveront leur juste place en d\u00e9finissant le type de rapport qu\u2019elles souhaitent entretenir avec les milieux ouverts. Ce qui suppose que le p\u00e9rim\u00e8tre du document d\u2019urbanisme qu\u2019elles \u00e9laborent comporte des espaces ouverts naturels forestiers ou agricoles. <\/span><\/p><p><span lang=\"fr-FR\">Ce qui n\u2019est pas le cas du p\u00e9rim\u00e8tre du SCOT en cours d\u2019\u00e9laboration. Cantonn\u00e9 \u00e0 ses 131 communes fortement urbanis\u00e9es, le SCOT m\u00e9tropolitain peut difficilement int\u00e9grer les probl\u00e9matiques rurales. Il ne lui reste donc qu\u2019\u00e0 essayer d\u2019anticiper la prochaine r\u00e9vision du SDRIF avec lequel il devra \u00eatre compatible. <\/span><\/p><p><span lang=\"fr-FR\">Le rapport urbain \/ rural objet de l\u2019urbanisme <\/span><\/p><p><span lang=\"fr-FR\">Le rapport que la m\u00e9tropole entretient avec le monde rural, l\u2019identifie et la positionne au niveau mondial. Le rayonnement international de la M\u00e9tropole du Grand Paris est directement li\u00e9 \u00e0 la qualit\u00e9 de son rapport entre l\u2019urbain et le rural. <\/span><\/p><p><span lang=\"fr-FR\">L\u2019am\u00e9nagement de la m\u00e9tropole commence par sa capacit\u00e9 \u00e0 m\u00e9nager les milieux naturels et donc \u00e0 pr\u00e9server les services qu\u2019ils rendent. Il se poursuit par la p\u00e9n\u00e9tration de ces milieux naturels dans son p\u00e9rim\u00e8tre. <\/span><\/p><p><span lang=\"fr-FR\">Au-del\u00e0 des bienfaits et de la qualit\u00e9 de vie que peuvent en attendre les m\u00e9tropolitains, l\u2019am\u00e9nagement urbain recentr\u00e9 sur les processus naturels contribue \u00e0 faire \u00e9voluer les comportements et les demandes des usagers et des habitants. En faisant p\u00e9n\u00e9trer les espaces agricoles dans la m\u00e9tropole, les riverains demanderont \u00e0 ce que l\u2019agriculture cesse d\u2019utiliser des produits phytosanitaires. Ils seront d\u00e8s lors incit\u00e9s \u00e0 orienter leur consommation vers des produits naturels et locaux. Riche de ses millions d\u2019habitants, la m\u00e9tropole peut ainsi exercer un effet de levier sur les changements de pratiques culturales au-del\u00e0 de son p\u00e9rim\u00e8tre. <\/span><\/p><p><span lang=\"fr-FR\">En cessant d\u2019utiliser des pesticides dans le bassin versant en amont de la m\u00e9tropole, les sols plus fertiles peuvent retrouver leur r\u00f4le d\u2019\u00e9ponge et donc limiter les inondations l\u2019hiver et les s\u00e9cheresses l\u2019\u00e9t\u00e9. <\/span><\/p><p><span lang=\"fr-FR\">Quelques cas concrets <\/span><\/p><p><span lang=\"fr-FR\">Nous avons souhait\u00e9 illustrer ce cahier d&rsquo;acteur par quelques sites embl\u00e9matiques menac\u00e9s alors que leur pr\u00e9servation est d\u2019int\u00e9ret m\u00e9tropolitain. <\/span><\/p><p><span lang=\"fr-FR\">Le triangle de Gonesse o\u00f9 300 hectares de terres parmis les plus fertiles d\u2019Europe formant la p\u00e9n\u00e9trante agricole la plus avanc\u00e9e dans la m\u00e9tropole sont menac\u00e9s par la construction d\u2019un centre commercial. Au regard des arguments que nous avons avanc\u00e9s, l\u2019int\u00e9ret m\u00e9tropolitain est plus dans la perennisation de la destination agricole de ces sols que dans leur destruction. <\/span><\/p><p><span lang=\"fr-FR\">L&rsquo;ile des Loups : Cette \u00eele de la Marne de 800m de long est situ\u00e9e \u00e0 10 mn de Paris. Elle n&rsquo;est accessible que par bateau. Elle est situ\u00e9e dans une zone tr\u00e8s urbanis\u00e9e \u00e0 cheval entre les communes du Perreux-Sur-Marne, Champigny et Nogent et \u00e0 quelques centaines de m\u00e8tres de l&rsquo;autoroute de l&rsquo;Est. Elle abrite une biodiversit\u00e9 unique dans un \u00e9quilibre fragile. Bien qu\u2019une partie de son territoire soit en espace bois\u00e9 class\u00e9, des abattages d\u2019arbres avec dessouchages et des travaux de construction viennent d\u2019y \u00eatre effectu\u00e9s sans autorisation. <\/span><\/p><p><span lang=\"fr-FR\">La Roseraie du Val-de-Marne, situ\u00e9e \u00e0 L&rsquo;Ha\u00ff-les-Roses qui abrite des vari\u00e9t\u00e9s de roses uniques au monde est menac\u00e9e par une op\u00e9ration de logements sur sa lisi\u00e8re. <\/span><\/p><p><span lang=\"fr-FR\">L\u2019ilot vert \u00e0 Gentilly provisoirement sauvegard\u00e9 en ayant \u00e9t\u00e9 le seul projet de la consultation \u00ab inventons la M\u00e9tropole \u00bb \u00e0 avoir \u00e9t\u00e9 d\u00e9clar\u00e9 infructueux. Site de 5 hectares qui gr\u00e2ce \u00e0 sa tr\u00e8s bonne accessibilit\u00e9 en transport en commun a vocation \u00e0 promouvoir les vertus de la nature en ville aupr\u00e8s des franciliens. <\/span><\/p><p><span lang=\"fr-FR\">Val-de-Marne Environnement environnement94@gmail.com 17, rue Gallieni 94170 LE PERREUX-SUR-MARNE<\/span><\/p>\t\t\t\t\t\t<\/div>\n\t\t\t\t<\/div>\n\t\t\t\t\t<\/div>\n\t\t<\/div>\n\t\t\t\t\t<\/div>\n\t\t<\/section>\n\t\t\t\t<\/div>\n\t\t","protected":false},"excerpt":{"rendered":"<p>D\u00e9gradation de l&rsquo;environnement et de la biodiversit\u00e9 : un constat \u00e9difiant et partag\u00e9 au niveau de la plan\u00e8te, de l&rsquo;Europe, de la France \u2026 et de la MGP. Tout d&rsquo;abord, quelques chiffres sur l&rsquo;ampleur de l&rsquo;extinction massive de la faune permettent de mieux appr\u00e9hender la d\u00e9gradation de la situation actuelle tant au niveau global qu&rsquo;au [&hellip;]<\/p>\n","protected":false},"author":1,"featured_media":239,"comment_status":"closed","ping_status":"open","sticky":false,"template":"","format":"standard","meta":{"_exactmetrics_skip_tracking":false,"_exactmetrics_sitenote_active":false,"_exactmetrics_sitenote_note":"","_exactmetrics_sitenote_category":0,"ocean_post_layout":"full-width","ocean_both_sidebars_style":"","ocean_both_sidebars_content_width":0,"ocean_both_sidebars_sidebars_width":0,"ocean_sidebar":"0","ocean_second_sidebar":"0","ocean_disable_margins":"enable","ocean_add_body_class":"","ocean_shortcode_before_top_bar":"","ocean_shortcode_after_top_bar":"","ocean_shortcode_before_header":"","ocean_shortcode_after_header":"","ocean_has_shortcode":"","ocean_shortcode_after_title":"","ocean_shortcode_before_footer_widgets":"","ocean_shortcode_after_footer_widgets":"","ocean_shortcode_before_footer_bottom":"","ocean_shortcode_after_footer_bottom":"","ocean_display_top_bar":"default","ocean_display_header":"default","ocean_header_style":"","ocean_center_header_left_menu":"0","ocean_custom_header_template":"0","ocean_custom_logo":0,"ocean_custom_retina_logo":0,"ocean_custom_logo_max_width":0,"ocean_custom_logo_tablet_max_width":0,"ocean_custom_logo_mobile_max_width":0,"ocean_custom_logo_max_height":0,"ocean_custom_logo_tablet_max_height":0,"ocean_custom_logo_mobile_max_height":0,"ocean_header_custom_menu":"0","ocean_menu_typo_font_family":"0","ocean_menu_typo_font_subset":"","ocean_menu_typo_font_size":0,"ocean_menu_typo_font_size_tablet":0,"ocean_menu_typo_font_size_mobile":0,"ocean_menu_typo_font_size_unit":"px","ocean_menu_typo_font_weight":"","ocean_menu_typo_font_weight_tablet":"","ocean_menu_typo_font_weight_mobile":"","ocean_menu_typo_transform":"","ocean_menu_typo_transform_tablet":"","ocean_menu_typo_transform_mobile":"","ocean_menu_typo_line_height":0,"ocean_menu_typo_line_height_tablet":0,"ocean_menu_typo_line_height_mobile":0,"ocean_menu_typo_line_height_unit":"","ocean_menu_typo_spacing":0,"ocean_menu_typo_spacing_tablet":0,"ocean_menu_typo_spacing_mobile":0,"ocean_menu_typo_spacing_unit":"","ocean_menu_link_color":"","ocean_menu_link_color_hover":"","ocean_menu_link_color_active":"","ocean_menu_link_background":"","ocean_menu_link_hover_background":"","ocean_menu_link_active_background":"","ocean_menu_social_links_bg":"","ocean_menu_social_hover_links_bg":"","ocean_menu_social_links_color":"","ocean_menu_social_hover_links_color":"","ocean_disable_title":"default","ocean_disable_heading":"default","ocean_post_title":"","ocean_post_subheading":"","ocean_post_title_style":"","ocean_post_title_background_color":"","ocean_post_title_background":0,"ocean_post_title_bg_image_position":"","ocean_post_title_bg_image_attachment":"","ocean_post_title_bg_image_repeat":"","ocean_post_title_bg_image_size":"","ocean_post_title_height":0,"ocean_post_title_bg_overlay":0.5,"ocean_post_title_bg_overlay_color":"","ocean_disable_breadcrumbs":"default","ocean_breadcrumbs_color":"","ocean_breadcrumbs_separator_color":"","ocean_breadcrumbs_links_color":"","ocean_breadcrumbs_links_hover_color":"","ocean_display_footer_widgets":"default","ocean_display_footer_bottom":"default","ocean_custom_footer_template":"0","cybocfi_hide_featured_image":"yes","ocean_post_oembed":"","ocean_post_self_hosted_media":"","ocean_post_video_embed":"","ocean_link_format":"","ocean_link_format_target":"self","ocean_quote_format":"","ocean_quote_format_link":"post","ocean_gallery_link_images":"off","ocean_gallery_id":[],"footnotes":""},"categories":[4],"tags":[],"class_list":["post-243","post","type-post","status-publish","format-standard","has-post-thumbnail","hentry","category-contribution","entry","has-media"],"_links":{"self":[{"href":"https:\/\/www.fne94.fr\/index.php\/wp-json\/wp\/v2\/posts\/243"}],"collection":[{"href":"https:\/\/www.fne94.fr\/index.php\/wp-json\/wp\/v2\/posts"}],"about":[{"href":"https:\/\/www.fne94.fr\/index.php\/wp-json\/wp\/v2\/types\/post"}],"author":[{"embeddable":true,"href":"https:\/\/www.fne94.fr\/index.php\/wp-json\/wp\/v2\/users\/1"}],"replies":[{"embeddable":true,"href":"https:\/\/www.fne94.fr\/index.php\/wp-json\/wp\/v2\/comments?post=243"}],"version-history":[{"count":11,"href":"https:\/\/www.fne94.fr\/index.php\/wp-json\/wp\/v2\/posts\/243\/revisions"}],"predecessor-version":[{"id":508,"href":"https:\/\/www.fne94.fr\/index.php\/wp-json\/wp\/v2\/posts\/243\/revisions\/508"}],"wp:featuredmedia":[{"embeddable":true,"href":"https:\/\/www.fne94.fr\/index.php\/wp-json\/wp\/v2\/media\/239"}],"wp:attachment":[{"href":"https:\/\/www.fne94.fr\/index.php\/wp-json\/wp\/v2\/media?parent=243"}],"wp:term":[{"taxonomy":"category","embeddable":true,"href":"https:\/\/www.fne94.fr\/index.php\/wp-json\/wp\/v2\/categories?post=243"},{"taxonomy":"post_tag","embeddable":true,"href":"https:\/\/www.fne94.fr\/index.php\/wp-json\/wp\/v2\/tags?post=243"}],"curies":[{"name":"wp","href":"https:\/\/api.w.org\/{rel}","templated":true}]}}