{"id":2311,"date":"2025-12-16T17:07:06","date_gmt":"2025-12-16T16:07:06","guid":{"rendered":"https:\/\/www.fne94.fr\/?p=2311"},"modified":"2025-12-18T17:39:07","modified_gmt":"2025-12-18T16:39:07","slug":"sauvons-la-plaine-des-bordes-la-pleine-terre-et-sa-biodiversite-exceptionnelle-a-chennevieres-sur-marne","status":"publish","type":"post","link":"https:\/\/www.fne94.fr\/index.php\/2025\/12\/16\/sauvons-la-plaine-des-bordes-la-pleine-terre-et-sa-biodiversite-exceptionnelle-a-chennevieres-sur-marne\/","title":{"rendered":"Sauvons la Plaine des Bordes, la pleine terre et sa biodiversit\u00e9 exceptionnelle \u00e0 Chennevi\u00e8res sur Marne !"},"content":{"rendered":"\t\t<div data-elementor-type=\"wp-post\" data-elementor-id=\"2311\" class=\"elementor elementor-2311\">\n\t\t\t\t\t\t<section class=\"elementor-section elementor-top-section elementor-element elementor-element-4febcd9 elementor-section-boxed elementor-section-height-default elementor-section-height-default\" data-id=\"4febcd9\" data-element_type=\"section\">\n\t\t\t\t\t\t<div class=\"elementor-container elementor-column-gap-default\">\n\t\t\t\t\t<div class=\"elementor-column elementor-col-100 elementor-top-column elementor-element elementor-element-6188155\" data-id=\"6188155\" data-element_type=\"column\">\n\t\t\t<div class=\"elementor-widget-wrap\">\n\t\t\t\t\t\t\t<\/div>\n\t\t<\/div>\n\t\t\t\t\t<\/div>\n\t\t<\/section>\n\t\t\t\t<section class=\"elementor-section elementor-top-section elementor-element elementor-element-94c1b6d elementor-section-boxed elementor-section-height-default elementor-section-height-default\" data-id=\"94c1b6d\" data-element_type=\"section\">\n\t\t\t\t\t\t<div class=\"elementor-container elementor-column-gap-default\">\n\t\t\t\t\t<div class=\"elementor-column elementor-col-100 elementor-top-column elementor-element elementor-element-9b3727d\" data-id=\"9b3727d\" data-element_type=\"column\">\n\t\t\t<div class=\"elementor-widget-wrap elementor-element-populated\">\n\t\t\t\t\t\t<div class=\"elementor-element elementor-element-23f2086 elementor-widget elementor-widget-text-editor\" data-id=\"23f2086\" data-element_type=\"widget\" data-widget_type=\"text-editor.default\">\n\t\t\t\t<div class=\"elementor-widget-container\">\n\t\t\t\t\t\t\t<p>Entre la plaine des Bordes et le quartier du Bois l\u2019Abb\u00e9, au bout de la rue Jean Moulin, un e<strong>space naturel et agricole exceptionnel est menac\u00e9 par <\/strong>un permis de construire de <strong>620 logements<\/strong>. Cet espace de pleine terre de <strong>3,5 ha<\/strong> abrite de nombreuses esp\u00e8ces prot\u00e9g\u00e9es (insectes, chauve-souris) et 103 arbres de haute tige.<\/p><p>Il constitue un espace de respiration dans le quartier dense du Bois l\u2019Abb\u00e9.<\/p><p>C\u2019est une zone de transition pour la plaine des Bordes, reconnue Zone Naturelle d\u2019Int\u00e9r\u00eat Ecologique Faunistique et Floristique.<\/p><p>Cette <strong>ZNIEFF<\/strong> rec\u00e8le de nombreuses esp\u00e8ces remarquables et prot\u00e9g\u00e9es, dont certaines tr\u00e8s rares en Ile-de-France.<\/p><p>Avec 1500 habitants \u00e0 230 m du site, et les nombreuses pollutions induites par le projet, le corridor biologique et ses nombreuses esp\u00e8ces seront impact\u00e9s.<\/p><p>Le promoteur l\u2019a sciemment ignor\u00e9 dans ses \u00e9tudes de la plaine des Bordes.<\/p><p>Les impacts du projet seront importants en mati\u00e8re de circulation, de tranquillit\u00e9, de paysage, de ruissellement des eaux et d\u00e9vastateurs pour la faune et la flore.<\/p><p>Dans ses documents d\u2019urbanisme, le territoire concern\u00e9, Grand Paris Sud Est Avenir-GPSEA- s\u2019est pourtant engag\u00e9 \u00e0 mettre en place une politique de protection des milieux naturels et de la biodiversit\u00e9<em>. <\/em><\/p><p>Ce projet va \u00e0 l\u2019encontre de la loi ZAN (z\u00e9ro artificialisation nette) et des r\u00e8glements d\u2019urbanisme sup\u00e9rieurs comme le SCOT (Sch\u00e9ma de Coh\u00e9rence Territorial) et le SDRIFe (Sch\u00e9ma Directeur R\u00e9gional d\u2019Ile de France).<\/p><p>C\u2019est pourquoi les associations FNE-94, DEJAENAT94, CEDRE, la LPO et les riverains ont d\u00e9cid\u00e9 de d\u00e9poser un recours contre ce projet aupr\u00e8s tribunal administratif.<\/p><p>Nous faisons appel \u00e0 vous au travers d\u2019une participation financi\u00e8re sous forme de don.<\/p><p>Les fonds seront utilis\u00e9s pour les frais de proc\u00e9dure contre le permis de construire.<\/p><p>Merci d&rsquo;avance<em>.<\/em><\/p><p><em> (re\u00e7u fiscal pour d\u00e9ductibilit\u00e9 possible pour int\u00e9r\u00eat g\u00e9n\u00e9ral)<\/em><\/p><blockquote><p><em><strong>Michel LAVAL<\/strong><\/em><\/p><p><em><strong>Co-Pr\u00e9sident de France Nature Environnement Val-de-Marne<\/strong><\/em><\/p><\/blockquote>\t\t\t\t\t\t<\/div>\n\t\t\t\t<\/div>\n\t\t\t\t\t<\/div>\n\t\t<\/div>\n\t\t\t\t\t<\/div>\n\t\t<\/section>\n\t\t\t\t<section class=\"elementor-section elementor-top-section elementor-element elementor-element-84d7ec9 elementor-section-boxed elementor-section-height-default elementor-section-height-default\" data-id=\"84d7ec9\" data-element_type=\"section\">\n\t\t\t\t\t\t<div class=\"elementor-container elementor-column-gap-default\">\n\t\t\t\t\t<div class=\"elementor-column elementor-col-100 elementor-top-column elementor-element elementor-element-9544dfa\" data-id=\"9544dfa\" data-element_type=\"column\">\n\t\t\t<div class=\"elementor-widget-wrap elementor-element-populated\">\n\t\t\t\t\t\t<div class=\"elementor-element elementor-element-0ed5735 elementor-widget elementor-widget-text-editor\" data-id=\"0ed5735\" data-element_type=\"widget\" data-widget_type=\"text-editor.default\">\n\t\t\t\t<div class=\"elementor-widget-container\">\n\t\t\t\t\t\t\t<p><a href=\"https:\/\/www.helloasso.com\/associations\/france-nature-environnement-94\/collectes\/sauvons-la-plaine-des-bordes-et-sa-biodiversite-a-chennevieres\" target=\"_blank\" rel=\"noopener\" data-wplink-edit=\"true\">https:\/\/www.helloasso.com\/associations\/france-nature-environnement-94\/collectes\/sauvons-la-plaine-des-bordes-et-sa-biodiversite-a-chennevieres<\/a><\/p>\t\t\t\t\t\t<\/div>\n\t\t\t\t<\/div>\n\t\t\t\t<div class=\"elementor-element elementor-element-97dd020 elementor-widget elementor-widget-image\" data-id=\"97dd020\" data-element_type=\"widget\" data-widget_type=\"image.default\">\n\t\t\t\t<div class=\"elementor-widget-container\">\n\t\t\t\t\t\t\t\t\t\t\t\t\t\t<a href=\"https:\/\/www.helloasso.com\/associations\/france-nature-environnement-94\/collectes\/sauvons-la-plaine-des-bordes-et-sa-biodiversite-a-chennevieres\" target=\"_blank\">\n\t\t\t\t\t\t\t<img fetchpriority=\"high\" decoding=\"async\" width=\"600\" height=\"600\" src=\"https:\/\/www.fne94.fr\/wp-content\/uploads\/2025\/12\/qrcode.png\" class=\"attachment-large size-large wp-image-2314\" alt=\"\" srcset=\"https:\/\/www.fne94.fr\/wp-content\/uploads\/2025\/12\/qrcode.png 600w, https:\/\/www.fne94.fr\/wp-content\/uploads\/2025\/12\/qrcode-300x300.png 300w, https:\/\/www.fne94.fr\/wp-content\/uploads\/2025\/12\/qrcode-150x150.png 150w\" sizes=\"(max-width: 600px) 100vw, 600px\" \/>\t\t\t\t\t\t\t\t<\/a>\n\t\t\t\t\t\t\t\t\t\t\t\t\t<\/div>\n\t\t\t\t<\/div>\n\t\t\t\t\t<\/div>\n\t\t<\/div>\n\t\t\t\t\t<\/div>\n\t\t<\/section>\n\t\t\t\t<section class=\"elementor-section elementor-top-section elementor-element elementor-element-4906e84 elementor-section-boxed elementor-section-height-default elementor-section-height-default\" data-id=\"4906e84\" data-element_type=\"section\">\n\t\t\t\t\t\t<div class=\"elementor-container elementor-column-gap-default\">\n\t\t\t\t\t<div class=\"elementor-column elementor-col-100 elementor-top-column elementor-element elementor-element-3db7271\" data-id=\"3db7271\" data-element_type=\"column\">\n\t\t\t<div class=\"elementor-widget-wrap\">\n\t\t\t\t\t\t\t<\/div>\n\t\t<\/div>\n\t\t\t\t\t<\/div>\n\t\t<\/section>\n\t\t\t\t<\/div>\n\t\t","protected":false},"excerpt":{"rendered":"<p>Entre la plaine des Bordes et le quartier du Bois l\u2019Abb\u00e9, au bout de la rue Jean Moulin, un espace naturel et agricole exceptionnel est menac\u00e9 par un permis de construire de 620 logements. Cet espace de pleine terre de 3,5 ha abrite de nombreuses esp\u00e8ces prot\u00e9g\u00e9es (insectes, chauve-souris) et 103 arbres de haute tige. [&hellip;]<\/p>\n","protected":false},"author":1,"featured_media":2323,"comment_status":"closed","ping_status":"open","sticky":false,"template":"","format":"standard","meta":{"_exactmetrics_skip_tracking":false,"_exactmetrics_sitenote_active":false,"_exactmetrics_sitenote_note":"","_exactmetrics_sitenote_category":0,"ocean_post_layout":"full-width","ocean_both_sidebars_style":"","ocean_both_sidebars_content_width":0,"ocean_both_sidebars_sidebars_width":0,"ocean_sidebar":"0","ocean_second_sidebar":"0","ocean_disable_margins":"enable","ocean_add_body_class":"","ocean_shortcode_before_top_bar":"","ocean_shortcode_after_top_bar":"","ocean_shortcode_before_header":"","ocean_shortcode_after_header":"","ocean_has_shortcode":"","ocean_shortcode_after_title":"","ocean_shortcode_before_footer_widgets":"","ocean_shortcode_after_footer_widgets":"","ocean_shortcode_before_footer_bottom":"","ocean_shortcode_after_footer_bottom":"","ocean_display_top_bar":"default","ocean_display_header":"default","ocean_header_style":"","ocean_center_header_left_menu":"0","ocean_custom_header_template":"0","ocean_custom_logo":0,"ocean_custom_retina_logo":0,"ocean_custom_logo_max_width":0,"ocean_custom_logo_tablet_max_width":0,"ocean_custom_logo_mobile_max_width":0,"ocean_custom_logo_max_height":0,"ocean_custom_logo_tablet_max_height":0,"ocean_custom_logo_mobile_max_height":0,"ocean_header_custom_menu":"0","ocean_menu_typo_font_family":"0","ocean_menu_typo_font_subset":"","ocean_menu_typo_font_size":0,"ocean_menu_typo_font_size_tablet":0,"ocean_menu_typo_font_size_mobile":0,"ocean_menu_typo_font_size_unit":"px","ocean_menu_typo_font_weight":"","ocean_menu_typo_font_weight_tablet":"","ocean_menu_typo_font_weight_mobile":"","ocean_menu_typo_transform":"","ocean_menu_typo_transform_tablet":"","ocean_menu_typo_transform_mobile":"","ocean_menu_typo_line_height":0,"ocean_menu_typo_line_height_tablet":0,"ocean_menu_typo_line_height_mobile":0,"ocean_menu_typo_line_height_unit":"","ocean_menu_typo_spacing":0,"ocean_menu_typo_spacing_tablet":0,"ocean_menu_typo_spacing_mobile":0,"ocean_menu_typo_spacing_unit":"","ocean_menu_link_color":"","ocean_menu_link_color_hover":"","ocean_menu_link_color_active":"","ocean_menu_link_background":"","ocean_menu_link_hover_background":"","ocean_menu_link_active_background":"","ocean_menu_social_links_bg":"","ocean_menu_social_hover_links_bg":"","ocean_menu_social_links_color":"","ocean_menu_social_hover_links_color":"","ocean_disable_title":"default","ocean_disable_heading":"default","ocean_post_title":"","ocean_post_subheading":"","ocean_post_title_style":"","ocean_post_title_background_color":"","ocean_post_title_background":0,"ocean_post_title_bg_image_position":"","ocean_post_title_bg_image_attachment":"","ocean_post_title_bg_image_repeat":"","ocean_post_title_bg_image_size":"","ocean_post_title_height":0,"ocean_post_title_bg_overlay":0.5,"ocean_post_title_bg_overlay_color":"","ocean_disable_breadcrumbs":"default","ocean_breadcrumbs_color":"","ocean_breadcrumbs_separator_color":"","ocean_breadcrumbs_links_color":"","ocean_breadcrumbs_links_hover_color":"","ocean_display_footer_widgets":"default","ocean_display_footer_bottom":"default","ocean_custom_footer_template":"0","cybocfi_hide_featured_image":"yes","ocean_post_oembed":"","ocean_post_self_hosted_media":"","ocean_post_video_embed":"","ocean_link_format":"","ocean_link_format_target":"self","ocean_quote_format":"","ocean_quote_format_link":"post","ocean_gallery_link_images":"off","ocean_gallery_id":[],"footnotes":""},"categories":[3,6],"tags":[],"class_list":["post-2311","post","type-post","status-publish","format-standard","has-post-thumbnail","hentry","category-actualite","category-biodiversite","entry","has-media"],"_links":{"self":[{"href":"https:\/\/www.fne94.fr\/index.php\/wp-json\/wp\/v2\/posts\/2311"}],"collection":[{"href":"https:\/\/www.fne94.fr\/index.php\/wp-json\/wp\/v2\/posts"}],"about":[{"href":"https:\/\/www.fne94.fr\/index.php\/wp-json\/wp\/v2\/types\/post"}],"author":[{"embeddable":true,"href":"https:\/\/www.fne94.fr\/index.php\/wp-json\/wp\/v2\/users\/1"}],"replies":[{"embeddable":true,"href":"https:\/\/www.fne94.fr\/index.php\/wp-json\/wp\/v2\/comments?post=2311"}],"version-history":[{"count":16,"href":"https:\/\/www.fne94.fr\/index.php\/wp-json\/wp\/v2\/posts\/2311\/revisions"}],"predecessor-version":[{"id":2333,"href":"https:\/\/www.fne94.fr\/index.php\/wp-json\/wp\/v2\/posts\/2311\/revisions\/2333"}],"wp:featuredmedia":[{"embeddable":true,"href":"https:\/\/www.fne94.fr\/index.php\/wp-json\/wp\/v2\/media\/2323"}],"wp:attachment":[{"href":"https:\/\/www.fne94.fr\/index.php\/wp-json\/wp\/v2\/media?parent=2311"}],"wp:term":[{"taxonomy":"category","embeddable":true,"href":"https:\/\/www.fne94.fr\/index.php\/wp-json\/wp\/v2\/categories?post=2311"},{"taxonomy":"post_tag","embeddable":true,"href":"https:\/\/www.fne94.fr\/index.php\/wp-json\/wp\/v2\/tags?post=2311"}],"curies":[{"name":"wp","href":"https:\/\/api.w.org\/{rel}","templated":true}]}}