{"id":1932,"date":"2025-01-27T13:41:43","date_gmt":"2025-01-27T12:41:43","guid":{"rendered":"https:\/\/www.fne94.fr\/?p=1932"},"modified":"2025-10-13T14:52:13","modified_gmt":"2025-10-13T12:52:13","slug":"qui-veut-dune-tour-de-100-metres-de-haut-a-villiers-sur-marne","status":"publish","type":"post","link":"https:\/\/www.fne94.fr\/index.php\/2025\/01\/27\/qui-veut-dune-tour-de-100-metres-de-haut-a-villiers-sur-marne\/","title":{"rendered":"QUI VEUT D\u2019UNE TOUR DE 100 METRES DE HAUT A VILLIERS-SUR-MARNE\u00a0?"},"content":{"rendered":"\t\t<div data-elementor-type=\"wp-post\" data-elementor-id=\"1932\" class=\"elementor elementor-1932\">\n\t\t\t\t\t\t<section class=\"elementor-section elementor-top-section elementor-element elementor-element-618811f elementor-section-boxed elementor-section-height-default elementor-section-height-default\" data-id=\"618811f\" data-element_type=\"section\">\n\t\t\t\t\t\t<div class=\"elementor-container elementor-column-gap-default\">\n\t\t\t\t\t<div class=\"elementor-column elementor-col-100 elementor-top-column elementor-element elementor-element-de4e12d\" data-id=\"de4e12d\" data-element_type=\"column\">\n\t\t\t<div class=\"elementor-widget-wrap elementor-element-populated\">\n\t\t\t\t\t\t<div class=\"elementor-element elementor-element-d5f1326 elementor-widget elementor-widget-text-editor\" data-id=\"d5f1326\" data-element_type=\"widget\" data-widget_type=\"text-editor.default\">\n\t\t\t\t<div class=\"elementor-widget-container\">\n\t\t\t\t\t\t\t<p align=\"justify\"><strong>Le projet \u00ab\u00a0Marne Europe\u00a0\u00bb, \u00e0 l\u2019ouest de Villiers-sur-Marne,<\/strong> consiste \u00e0 densifier massivement autour de la future gare Villiers-Champigny-Bry de la ligne 15 du Grand Paris Express. A la limite de ces trois communes, il pr\u00e9voit (aux derni\u00e8res nouvelles), sur 11 ha de friches, pas moins de 210 000 m2 de planchers\u00a0: 80 000 m2 de bureaux, 25 000 m2 de commerces, 30 000 m2 pour un Palais des Congr\u00e8s, 65 000 m2 pour l\u2019habitat (1000 logements dont seulement 15% de sociaux) et 10 000 m2 pour une \u00ab\u00a0r\u00e9sidence interg\u00e9n\u00e9rationnelle\u00a0\u00bb de 350 \u00ab\u00a0unit\u00e9s\u00a0\u00bb\u2026<\/p><p align=\"justify\"><strong>Le projet \u00ab\u00a0Marne Europe\u00a0\u00bb communique<\/strong> (comme il se doit) sur la performance environnementale d\u2019un nouveau quartier \u00ab\u00a0durable\u00a0\u00bb, sur le bioclimatisme, les mat\u00e9riaux biosourc\u00e9s (60% de construction bois para\u00eet-il), la v\u00e9g\u00e9talisation des immeubles et de la voirie, les \u00ab\u00a0liaisons douces\u00a0\u00bb, et bien s\u00fbr, du \u00ab\u00a0qualitatif\u00a0\u00bb partout.<\/p><p align=\"justify\"><strong>Mais la douceur n\u2019est pas au programme sur ce belv\u00e9d\u00e8re dominant le Grand Paris.<\/strong> Autour d\u2019un \u00ab\u00a0jardin m\u00e9tropolitain\u00a0\u00bb \u00ab\u00a0qualitatif\u00a0\u00bb de seulement 2 ha \u00ab\u00a0environ\u00a0\u00bb, la quasi-totalit\u00e9 des ilots comportera des immeubles de hauteur comprise entre 35 et 54 m\u00e8tres, et le Palais des Congr\u00e8s comportera une tour de 100 m\u00e8tres de haut\u00a0! La communication officielle \u00e9voque donc en m\u00eame temps une \u00ab\u00a0architecture puissante, audacieuse et innovante\u00a0\u00bb, \u00abun signal urbain et contemporain qui symbolisera le dynamisme de la ville et la porte d\u2019entr\u00e9e \u00e0 l\u2019Est du Grand Paris\u00a0\u00bb\u2026<\/p><p align=\"justify\"><strong>Le Plan Local d\u2019Urbanisme (PLU) de Villiers-sur-Marne<\/strong> a \u00e9t\u00e9 modifi\u00e9 pour ent\u00e9riner ce projet pharaonique, en d\u00e9pit d\u2019une forte opposition locale \u00e0 cette densification d\u00e9mesur\u00e9e. On peut aussi rappeler qu\u2019une partie du terrain est toujours class\u00e9 en \u00ab\u00a0Zone Naturelle d\u2019Int\u00e9r\u00eat Ecologique Faunistique et Floristique\u00a0\u00bb (ZNIEFF), mais que la commune a sciemment laiss\u00e9 se d\u00e9grader cet espace depuis une vingtaine d\u2019ann\u00e9es&#8230;<\/p><p align=\"justify\"><strong>Le PLU a \u00e9t\u00e9 depuis remplac\u00e9 par le Plan Local d\u2019Urbanisme intercommunal (PLUi)<\/strong> du Territoire \u00ab\u00a0Paris Est Marne et Bois\u00a0\u00bb, qui regroupe 13 communes dont Villiers-sur-Marne, et qui a \u00e9t\u00e9 d\u00e9finitivement adopt\u00e9 le 12 d\u00e9cembre 2023. Le Territoire lors de la concertation puis de l\u2019Enqu\u00eate Publique n\u2019a pas h\u00e9sit\u00e9 \u00e0 mettre en avant la pr\u00e9servation de l\u2019environnement et des quartiers pavillonnaires\u2026 Et pourtant il reprend totalement le projet\u00a0\u00ab\u00a0Marne Europe\u00a0\u00bb, dans le r\u00e8glement sp\u00e9cifique de Villiers-sur-Marne ainsi que dans une \u00ab\u00a0Orientation d\u2019Am\u00e9nagement et de Programmation\u00a0\u00bb (OAP) d\u00e9di\u00e9e\u00a0!<\/p><p align=\"justify\"><strong>Un recours en annulation contre ce PLUi d\u00e9l\u00e9t\u00e8re<\/strong> a \u00e9t\u00e9 d\u00e9pos\u00e9 par la f\u00e9d\u00e9ration associative FNE-94 (France Nature Environnement Val-de-Marne). Nous avons engag\u00e9 d\u2019importants moyens financiers dans la proc\u00e9dure judiciaire, et sollicitons la solidarit\u00e9 de tous pour mener cette action \u00e0 son terme.<\/p><h2 align=\"justify\">La cagnotte participative de FNE-94 c&rsquo;est ici :<\/h2><h2 align=\"justify\"><a href=\"https:\/\/www.helloasso.com\/associations\/france-nature-environnement-94\/collectes\/non-au-plui-du-territoire-pemb\" target=\"_blank\" rel=\"noopener\">https:\/\/www.helloasso.com\/associations\/france-nature-environnement-94\/collectes\/non-au-plui-du-territoire-pemb<\/a><\/h2><p align=\"justify\">Michel LAVAL<\/p><p align=\"justify\">(Co-pr\u00e9sident de FNE-94)<\/p>\t\t\t\t\t\t<\/div>\n\t\t\t\t<\/div>\n\t\t\t\t\t<\/div>\n\t\t<\/div>\n\t\t\t\t\t<\/div>\n\t\t<\/section>\n\t\t\t\t<section class=\"elementor-section elementor-top-section elementor-element elementor-element-904b5a0 elementor-section-boxed elementor-section-height-default elementor-section-height-default\" data-id=\"904b5a0\" data-element_type=\"section\">\n\t\t\t\t\t\t<div class=\"elementor-container elementor-column-gap-default\">\n\t\t\t\t\t<div class=\"elementor-column elementor-col-50 elementor-top-column elementor-element elementor-element-38630d4\" data-id=\"38630d4\" data-element_type=\"column\">\n\t\t\t<div class=\"elementor-widget-wrap elementor-element-populated\">\n\t\t\t\t\t\t<div class=\"elementor-element elementor-element-982e68c elementor-widget elementor-widget-image\" data-id=\"982e68c\" data-element_type=\"widget\" data-widget_type=\"image.default\">\n\t\t\t\t<div class=\"elementor-widget-container\">\n\t\t\t\t\t\t\t\t\t\t\t\t\t<img fetchpriority=\"high\" decoding=\"async\" width=\"1024\" height=\"724\" src=\"https:\/\/www.fne94.fr\/wp-content\/uploads\/2025\/01\/3-2-PLUi-PEMB_OAP-SECTORIELLES_Villiers-Marne-Europe-Carte-1024x724.jpg\" class=\"attachment-large size-large wp-image-1938\" alt=\"\" srcset=\"https:\/\/www.fne94.fr\/wp-content\/uploads\/2025\/01\/3-2-PLUi-PEMB_OAP-SECTORIELLES_Villiers-Marne-Europe-Carte-1024x724.jpg 1024w, https:\/\/www.fne94.fr\/wp-content\/uploads\/2025\/01\/3-2-PLUi-PEMB_OAP-SECTORIELLES_Villiers-Marne-Europe-Carte-300x212.jpg 300w, https:\/\/www.fne94.fr\/wp-content\/uploads\/2025\/01\/3-2-PLUi-PEMB_OAP-SECTORIELLES_Villiers-Marne-Europe-Carte-768x543.jpg 768w, https:\/\/www.fne94.fr\/wp-content\/uploads\/2025\/01\/3-2-PLUi-PEMB_OAP-SECTORIELLES_Villiers-Marne-Europe-Carte-1536x1086.jpg 1536w, https:\/\/www.fne94.fr\/wp-content\/uploads\/2025\/01\/3-2-PLUi-PEMB_OAP-SECTORIELLES_Villiers-Marne-Europe-Carte-2048x1448.jpg 2048w\" sizes=\"(max-width: 1024px) 100vw, 1024px\" \/>\t\t\t\t\t\t\t\t\t\t\t\t\t<\/div>\n\t\t\t\t<\/div>\n\t\t\t\t\t<\/div>\n\t\t<\/div>\n\t\t\t\t<div class=\"elementor-column elementor-col-50 elementor-top-column elementor-element elementor-element-2ea97ee\" data-id=\"2ea97ee\" data-element_type=\"column\">\n\t\t\t<div class=\"elementor-widget-wrap elementor-element-populated\">\n\t\t\t\t\t\t<div class=\"elementor-element elementor-element-8d3de51 elementor-widget elementor-widget-image\" data-id=\"8d3de51\" data-element_type=\"widget\" data-widget_type=\"image.default\">\n\t\t\t\t<div class=\"elementor-widget-container\">\n\t\t\t\t\t\t\t\t\t\t\t\t\t<img decoding=\"async\" width=\"750\" height=\"750\" src=\"https:\/\/www.fne94.fr\/wp-content\/uploads\/2025\/01\/marne-europe-un-projet-dexception-3.jpg\" class=\"attachment-large size-large wp-image-1939\" alt=\"\" srcset=\"https:\/\/www.fne94.fr\/wp-content\/uploads\/2025\/01\/marne-europe-un-projet-dexception-3.jpg 750w, https:\/\/www.fne94.fr\/wp-content\/uploads\/2025\/01\/marne-europe-un-projet-dexception-3-300x300.jpg 300w, https:\/\/www.fne94.fr\/wp-content\/uploads\/2025\/01\/marne-europe-un-projet-dexception-3-150x150.jpg 150w, https:\/\/www.fne94.fr\/wp-content\/uploads\/2025\/01\/marne-europe-un-projet-dexception-3-600x600.jpg 600w\" sizes=\"(max-width: 750px) 100vw, 750px\" \/>\t\t\t\t\t\t\t\t\t\t\t\t\t<\/div>\n\t\t\t\t<\/div>\n\t\t\t\t\t<\/div>\n\t\t<\/div>\n\t\t\t\t\t<\/div>\n\t\t<\/section>\n\t\t\t\t<\/div>\n\t\t","protected":false},"excerpt":{"rendered":"<p>Le projet \u00ab\u00a0Marne Europe\u00a0\u00bb, \u00e0 l\u2019ouest de Villiers-sur-Marne, consiste \u00e0 densifier massivement autour de la future gare Villiers-Champigny-Bry de la ligne 15 du Grand Paris Express. A la limite de ces trois communes, il pr\u00e9voit (aux derni\u00e8res nouvelles), sur 11 ha de friches, pas moins de 210 000 m2 de planchers\u00a0: 80 000 m2 de [&hellip;]<\/p>\n","protected":false},"author":1,"featured_media":1933,"comment_status":"closed","ping_status":"open","sticky":false,"template":"","format":"standard","meta":{"_exactmetrics_skip_tracking":false,"_exactmetrics_sitenote_active":false,"_exactmetrics_sitenote_note":"","_exactmetrics_sitenote_category":0,"ocean_post_layout":"full-width","ocean_both_sidebars_style":"","ocean_both_sidebars_content_width":0,"ocean_both_sidebars_sidebars_width":0,"ocean_sidebar":"0","ocean_second_sidebar":"0","ocean_disable_margins":"enable","ocean_add_body_class":"","ocean_shortcode_before_top_bar":"","ocean_shortcode_after_top_bar":"","ocean_shortcode_before_header":"","ocean_shortcode_after_header":"","ocean_has_shortcode":"","ocean_shortcode_after_title":"","ocean_shortcode_before_footer_widgets":"","ocean_shortcode_after_footer_widgets":"","ocean_shortcode_before_footer_bottom":"","ocean_shortcode_after_footer_bottom":"","ocean_display_top_bar":"default","ocean_display_header":"default","ocean_header_style":"","ocean_center_header_left_menu":"0","ocean_custom_header_template":"0","ocean_custom_logo":0,"ocean_custom_retina_logo":0,"ocean_custom_logo_max_width":0,"ocean_custom_logo_tablet_max_width":0,"ocean_custom_logo_mobile_max_width":0,"ocean_custom_logo_max_height":0,"ocean_custom_logo_tablet_max_height":0,"ocean_custom_logo_mobile_max_height":0,"ocean_header_custom_menu":"0","ocean_menu_typo_font_family":"0","ocean_menu_typo_font_subset":"","ocean_menu_typo_font_size":0,"ocean_menu_typo_font_size_tablet":0,"ocean_menu_typo_font_size_mobile":0,"ocean_menu_typo_font_size_unit":"px","ocean_menu_typo_font_weight":"","ocean_menu_typo_font_weight_tablet":"","ocean_menu_typo_font_weight_mobile":"","ocean_menu_typo_transform":"","ocean_menu_typo_transform_tablet":"","ocean_menu_typo_transform_mobile":"","ocean_menu_typo_line_height":0,"ocean_menu_typo_line_height_tablet":0,"ocean_menu_typo_line_height_mobile":0,"ocean_menu_typo_line_height_unit":"","ocean_menu_typo_spacing":0,"ocean_menu_typo_spacing_tablet":0,"ocean_menu_typo_spacing_mobile":0,"ocean_menu_typo_spacing_unit":"","ocean_menu_link_color":"","ocean_menu_link_color_hover":"","ocean_menu_link_color_active":"","ocean_menu_link_background":"","ocean_menu_link_hover_background":"","ocean_menu_link_active_background":"","ocean_menu_social_links_bg":"","ocean_menu_social_hover_links_bg":"","ocean_menu_social_links_color":"","ocean_menu_social_hover_links_color":"","ocean_disable_title":"default","ocean_disable_heading":"default","ocean_post_title":"","ocean_post_subheading":"","ocean_post_title_style":"","ocean_post_title_background_color":"","ocean_post_title_background":0,"ocean_post_title_bg_image_position":"","ocean_post_title_bg_image_attachment":"","ocean_post_title_bg_image_repeat":"","ocean_post_title_bg_image_size":"","ocean_post_title_height":0,"ocean_post_title_bg_overlay":0.5,"ocean_post_title_bg_overlay_color":"","ocean_disable_breadcrumbs":"default","ocean_breadcrumbs_color":"","ocean_breadcrumbs_separator_color":"","ocean_breadcrumbs_links_color":"","ocean_breadcrumbs_links_hover_color":"","ocean_display_footer_widgets":"default","ocean_display_footer_bottom":"default","ocean_custom_footer_template":"0","cybocfi_hide_featured_image":"yes","ocean_post_oembed":"","ocean_post_self_hosted_media":"","ocean_post_video_embed":"","ocean_link_format":"","ocean_link_format_target":"self","ocean_quote_format":"","ocean_quote_format_link":"post","ocean_gallery_link_images":"off","ocean_gallery_id":[],"footnotes":""},"categories":[3,13],"tags":[],"class_list":["post-1932","post","type-post","status-publish","format-standard","has-post-thumbnail","hentry","category-actualite","category-plui-pemb","entry","has-media"],"_links":{"self":[{"href":"https:\/\/www.fne94.fr\/index.php\/wp-json\/wp\/v2\/posts\/1932"}],"collection":[{"href":"https:\/\/www.fne94.fr\/index.php\/wp-json\/wp\/v2\/posts"}],"about":[{"href":"https:\/\/www.fne94.fr\/index.php\/wp-json\/wp\/v2\/types\/post"}],"author":[{"embeddable":true,"href":"https:\/\/www.fne94.fr\/index.php\/wp-json\/wp\/v2\/users\/1"}],"replies":[{"embeddable":true,"href":"https:\/\/www.fne94.fr\/index.php\/wp-json\/wp\/v2\/comments?post=1932"}],"version-history":[{"count":14,"href":"https:\/\/www.fne94.fr\/index.php\/wp-json\/wp\/v2\/posts\/1932\/revisions"}],"predecessor-version":[{"id":1949,"href":"https:\/\/www.fne94.fr\/index.php\/wp-json\/wp\/v2\/posts\/1932\/revisions\/1949"}],"wp:featuredmedia":[{"embeddable":true,"href":"https:\/\/www.fne94.fr\/index.php\/wp-json\/wp\/v2\/media\/1933"}],"wp:attachment":[{"href":"https:\/\/www.fne94.fr\/index.php\/wp-json\/wp\/v2\/media?parent=1932"}],"wp:term":[{"taxonomy":"category","embeddable":true,"href":"https:\/\/www.fne94.fr\/index.php\/wp-json\/wp\/v2\/categories?post=1932"},{"taxonomy":"post_tag","embeddable":true,"href":"https:\/\/www.fne94.fr\/index.php\/wp-json\/wp\/v2\/tags?post=1932"}],"curies":[{"name":"wp","href":"https:\/\/api.w.org\/{rel}","templated":true}]}}