{"id":1882,"date":"2024-11-25T15:36:18","date_gmt":"2024-11-25T14:36:18","guid":{"rendered":"https:\/\/www.fne94.fr\/?p=1882"},"modified":"2025-10-13T14:54:23","modified_gmt":"2025-10-13T12:54:23","slug":"grand-chene-saint-maur-manifestons-ensemble-le-7-decembre-pour-le-proteger","status":"publish","type":"post","link":"https:\/\/www.fne94.fr\/index.php\/2024\/11\/25\/grand-chene-saint-maur-manifestons-ensemble-le-7-decembre-pour-le-proteger\/","title":{"rendered":"GRAND CHENE SAINT-MAUR &#8211; MANIFESTONS ENSEMBLE LE 7 DECEMBRE POUR LE PROTEGER"},"content":{"rendered":"\t\t<div data-elementor-type=\"wp-post\" data-elementor-id=\"1882\" class=\"elementor elementor-1882\">\n\t\t\t\t\t\t<section class=\"elementor-section elementor-top-section elementor-element elementor-element-618811f elementor-section-boxed elementor-section-height-default elementor-section-height-default\" data-id=\"618811f\" data-element_type=\"section\">\n\t\t\t\t\t\t<div class=\"elementor-container elementor-column-gap-default\">\n\t\t\t\t\t<div class=\"elementor-column elementor-col-100 elementor-top-column elementor-element elementor-element-de4e12d\" data-id=\"de4e12d\" data-element_type=\"column\">\n\t\t\t<div class=\"elementor-widget-wrap\">\n\t\t\t\t\t\t\t<\/div>\n\t\t<\/div>\n\t\t\t\t\t<\/div>\n\t\t<\/section>\n\t\t\t\t<section class=\"elementor-section elementor-top-section elementor-element elementor-element-eb2d4ac elementor-section-boxed elementor-section-height-default elementor-section-height-default\" data-id=\"eb2d4ac\" data-element_type=\"section\">\n\t\t\t\t\t\t<div class=\"elementor-container elementor-column-gap-default\">\n\t\t\t\t\t<div class=\"elementor-column elementor-col-100 elementor-top-column elementor-element elementor-element-c85bb27\" data-id=\"c85bb27\" data-element_type=\"column\">\n\t\t\t<div class=\"elementor-widget-wrap elementor-element-populated\">\n\t\t\t\t\t\t<div class=\"elementor-element elementor-element-d5f1326 elementor-widget elementor-widget-text-editor\" data-id=\"d5f1326\" data-element_type=\"widget\" data-widget_type=\"text-editor.default\">\n\t\t\t\t<div class=\"elementor-widget-container\">\n\t\t\t\t\t\t\t<p>A l&rsquo;appel de DEJEANAT94 (Collectif pour la d\u00e9fense des jardins et espaces naturels du val de marne), rassemblons nous le\u00a0 samedi 7 d\u00e9cembre \u00e0 10h45 devant la parcelle du Grand Ch\u00eane de Saint Maur pour protester contre une nouvelle construction pr\u00e8s de cet arbre multicentenaire !<\/p><p>Le 2 juillet 2024, la Pr\u00e9fecture attribuait un nouveau Permis pour ce terrain, au m\u00eame promoteur faussaire qui avait fait \u00ab\u00a0signer\u00a0\u00bb ses Permis par un architecte d\u00e9c\u00e9d\u00e9. <br \/>Nous avions alors d\u00e9pos\u00e9 un recours gracieux pour demander l&rsquo;annulation de ce nouveau Permis qui ne respecte pas le Plan d&rsquo;Urbanisme sur de nouveaux points et qui menace ce monument arbor\u00e9 historique ! <br \/>Son syst\u00e8me racinaire fragile serait compress\u00e9 et sectionn\u00e9, et l&rsquo;arbre mis en p\u00e9ril par toute construction et les travaux qu&rsquo;elle n\u00e9cessite.<\/p><p>Sans r\u00e9ponse \u00e0 notre recours gracieux apr\u00e8s 2 mois, ce silence \u00e9quivaut \u00e0 un refus de nous entendre. Soutenus par nos partenaires, A.R.B.R.E.S, FNE, LPO, GNSA, nous allons d\u00e9poser un recours contentieux devant le Tribunal Administratif dans les prochains jours.<\/p><p>Sur place le 7 d\u00e9cembre, dans une ambiance conviviale, nous allons d\u00e9noncer les responsabilit\u00e9s, celles du promoteur poursuivi en correctionnelle, et celles de la ville de St-Maur qui garde un silence complice. Ajoutons celles dor\u00e9navant de la Pr\u00e9fecture. <br \/>Nous partagerons les derni\u00e8res nouvelles, et vous proposerons de nous organiser pour protester et ne pas laisser faire la destruction de notre patrimoine commun.<\/p><p>MOBILISONS-NOUS nombreux et nombreuses le 7 d\u00e9cembre, faisons pression sur l&rsquo;administration, alertons la population de ce qui menace cet arbre majestueux. RDV \u00e0 10h45 au 70 avenue du General Leclerc \u00e0 Saint Maur des Foss\u00e9s.<\/p>\t\t\t\t\t\t<\/div>\n\t\t\t\t<\/div>\n\t\t\t\t\t<\/div>\n\t\t<\/div>\n\t\t\t\t\t<\/div>\n\t\t<\/section>\n\t\t\t\t<section class=\"elementor-section elementor-top-section elementor-element elementor-element-bcaa455 elementor-section-boxed elementor-section-height-default elementor-section-height-default\" data-id=\"bcaa455\" data-element_type=\"section\">\n\t\t\t\t\t\t<div class=\"elementor-container elementor-column-gap-default\">\n\t\t\t\t\t<div class=\"elementor-column elementor-col-100 elementor-top-column elementor-element elementor-element-6e74871\" data-id=\"6e74871\" data-element_type=\"column\">\n\t\t\t<div class=\"elementor-widget-wrap elementor-element-populated\">\n\t\t\t\t\t\t<div class=\"elementor-element elementor-element-14b8078 elementor-widget elementor-widget-text-editor\" data-id=\"14b8078\" data-element_type=\"widget\" data-widget_type=\"text-editor.default\">\n\t\t\t\t<div class=\"elementor-widget-container\">\n\t\t\t\t\t\t\t<div><strong>PLAN MASSE DU NOUVEAU PERMIS DE CONSTRUIRE<\/strong> : Le promoteur minimise la taille de cet arbre class\u00e9 \u00ab\u00a0Remarquable\u00a0\u00bb et oublie de mentionner les racines.<\/div><div>Extrait du Plan d&rsquo;Urbanisme : \u00ab\u00a0L\u2019abattage, l\u2019\u00e9lagage et toute autre atteinte \u00e0 l\u2019int\u00e9grit\u00e9 de ces arbres (racines etc\u2026) sont interdits\u00a0\u00bb<\/div><div>\u00a0<\/div>\t\t\t\t\t\t<\/div>\n\t\t\t\t<\/div>\n\t\t\t\t\t<\/div>\n\t\t<\/div>\n\t\t\t\t\t<\/div>\n\t\t<\/section>\n\t\t\t\t<section class=\"elementor-section elementor-top-section elementor-element elementor-element-c4f90f9 elementor-section-boxed elementor-section-height-default elementor-section-height-default\" data-id=\"c4f90f9\" data-element_type=\"section\">\n\t\t\t\t\t\t<div class=\"elementor-container elementor-column-gap-default\">\n\t\t\t\t\t<div class=\"elementor-column elementor-col-100 elementor-top-column elementor-element elementor-element-c017fa9\" data-id=\"c017fa9\" data-element_type=\"column\">\n\t\t\t<div class=\"elementor-widget-wrap elementor-element-populated\">\n\t\t\t\t\t\t<div class=\"elementor-element elementor-element-2337763 elementor-widget elementor-widget-image\" data-id=\"2337763\" data-element_type=\"widget\" data-widget_type=\"image.default\">\n\t\t\t\t<div class=\"elementor-widget-container\">\n\t\t\t\t\t\t\t\t\t\t\t\t\t<img fetchpriority=\"high\" decoding=\"async\" width=\"665\" height=\"607\" src=\"https:\/\/www.fne94.fr\/wp-content\/uploads\/2024\/11\/plan-masse-nouveau-permis-construire.png\" class=\"attachment-medium_large size-medium_large wp-image-1883\" alt=\"\" srcset=\"https:\/\/www.fne94.fr\/wp-content\/uploads\/2024\/11\/plan-masse-nouveau-permis-construire.png 665w, https:\/\/www.fne94.fr\/wp-content\/uploads\/2024\/11\/plan-masse-nouveau-permis-construire-300x274.png 300w\" sizes=\"(max-width: 665px) 100vw, 665px\" \/>\t\t\t\t\t\t\t\t\t\t\t\t\t<\/div>\n\t\t\t\t<\/div>\n\t\t\t\t\t<\/div>\n\t\t<\/div>\n\t\t\t\t\t<\/div>\n\t\t<\/section>\n\t\t\t\t<\/div>\n\t\t","protected":false},"excerpt":{"rendered":"<p>A l&rsquo;appel de DEJEANAT94 (Collectif pour la d\u00e9fense des jardins et espaces naturels du val de marne), rassemblons nous le\u00a0 samedi 7 d\u00e9cembre \u00e0 10h45 devant la parcelle du Grand Ch\u00eane de Saint Maur pour protester contre une nouvelle construction pr\u00e8s de cet arbre multicentenaire ! Le 2 juillet 2024, la Pr\u00e9fecture attribuait un nouveau [&hellip;]<\/p>\n","protected":false},"author":1,"featured_media":1887,"comment_status":"closed","ping_status":"open","sticky":false,"template":"","format":"standard","meta":{"_exactmetrics_skip_tracking":false,"_exactmetrics_sitenote_active":false,"_exactmetrics_sitenote_note":"","_exactmetrics_sitenote_category":0,"ocean_post_layout":"full-width","ocean_both_sidebars_style":"","ocean_both_sidebars_content_width":0,"ocean_both_sidebars_sidebars_width":0,"ocean_sidebar":"0","ocean_second_sidebar":"0","ocean_disable_margins":"enable","ocean_add_body_class":"","ocean_shortcode_before_top_bar":"","ocean_shortcode_after_top_bar":"","ocean_shortcode_before_header":"","ocean_shortcode_after_header":"","ocean_has_shortcode":"","ocean_shortcode_after_title":"","ocean_shortcode_before_footer_widgets":"","ocean_shortcode_after_footer_widgets":"","ocean_shortcode_before_footer_bottom":"","ocean_shortcode_after_footer_bottom":"","ocean_display_top_bar":"default","ocean_display_header":"default","ocean_header_style":"","ocean_center_header_left_menu":"0","ocean_custom_header_template":"0","ocean_custom_logo":0,"ocean_custom_retina_logo":0,"ocean_custom_logo_max_width":0,"ocean_custom_logo_tablet_max_width":0,"ocean_custom_logo_mobile_max_width":0,"ocean_custom_logo_max_height":0,"ocean_custom_logo_tablet_max_height":0,"ocean_custom_logo_mobile_max_height":0,"ocean_header_custom_menu":"0","ocean_menu_typo_font_family":"0","ocean_menu_typo_font_subset":"","ocean_menu_typo_font_size":0,"ocean_menu_typo_font_size_tablet":0,"ocean_menu_typo_font_size_mobile":0,"ocean_menu_typo_font_size_unit":"px","ocean_menu_typo_font_weight":"","ocean_menu_typo_font_weight_tablet":"","ocean_menu_typo_font_weight_mobile":"","ocean_menu_typo_transform":"","ocean_menu_typo_transform_tablet":"","ocean_menu_typo_transform_mobile":"","ocean_menu_typo_line_height":0,"ocean_menu_typo_line_height_tablet":0,"ocean_menu_typo_line_height_mobile":0,"ocean_menu_typo_line_height_unit":"","ocean_menu_typo_spacing":0,"ocean_menu_typo_spacing_tablet":0,"ocean_menu_typo_spacing_mobile":0,"ocean_menu_typo_spacing_unit":"","ocean_menu_link_color":"","ocean_menu_link_color_hover":"","ocean_menu_link_color_active":"","ocean_menu_link_background":"","ocean_menu_link_hover_background":"","ocean_menu_link_active_background":"","ocean_menu_social_links_bg":"","ocean_menu_social_hover_links_bg":"","ocean_menu_social_links_color":"","ocean_menu_social_hover_links_color":"","ocean_disable_title":"default","ocean_disable_heading":"default","ocean_post_title":"","ocean_post_subheading":"","ocean_post_title_style":"","ocean_post_title_background_color":"","ocean_post_title_background":0,"ocean_post_title_bg_image_position":"","ocean_post_title_bg_image_attachment":"","ocean_post_title_bg_image_repeat":"","ocean_post_title_bg_image_size":"","ocean_post_title_height":0,"ocean_post_title_bg_overlay":0.5,"ocean_post_title_bg_overlay_color":"","ocean_disable_breadcrumbs":"default","ocean_breadcrumbs_color":"","ocean_breadcrumbs_separator_color":"","ocean_breadcrumbs_links_color":"","ocean_breadcrumbs_links_hover_color":"","ocean_display_footer_widgets":"default","ocean_display_footer_bottom":"default","ocean_custom_footer_template":"0","cybocfi_hide_featured_image":"yes","ocean_post_oembed":"","ocean_post_self_hosted_media":"","ocean_post_video_embed":"","ocean_link_format":"","ocean_link_format_target":"self","ocean_quote_format":"","ocean_quote_format_link":"post","ocean_gallery_link_images":"off","ocean_gallery_id":[],"footnotes":""},"categories":[6],"tags":[],"class_list":["post-1882","post","type-post","status-publish","format-standard","has-post-thumbnail","hentry","category-biodiversite","entry","has-media"],"_links":{"self":[{"href":"https:\/\/www.fne94.fr\/index.php\/wp-json\/wp\/v2\/posts\/1882"}],"collection":[{"href":"https:\/\/www.fne94.fr\/index.php\/wp-json\/wp\/v2\/posts"}],"about":[{"href":"https:\/\/www.fne94.fr\/index.php\/wp-json\/wp\/v2\/types\/post"}],"author":[{"embeddable":true,"href":"https:\/\/www.fne94.fr\/index.php\/wp-json\/wp\/v2\/users\/1"}],"replies":[{"embeddable":true,"href":"https:\/\/www.fne94.fr\/index.php\/wp-json\/wp\/v2\/comments?post=1882"}],"version-history":[{"count":4,"href":"https:\/\/www.fne94.fr\/index.php\/wp-json\/wp\/v2\/posts\/1882\/revisions"}],"predecessor-version":[{"id":1888,"href":"https:\/\/www.fne94.fr\/index.php\/wp-json\/wp\/v2\/posts\/1882\/revisions\/1888"}],"wp:featuredmedia":[{"embeddable":true,"href":"https:\/\/www.fne94.fr\/index.php\/wp-json\/wp\/v2\/media\/1887"}],"wp:attachment":[{"href":"https:\/\/www.fne94.fr\/index.php\/wp-json\/wp\/v2\/media?parent=1882"}],"wp:term":[{"taxonomy":"category","embeddable":true,"href":"https:\/\/www.fne94.fr\/index.php\/wp-json\/wp\/v2\/categories?post=1882"},{"taxonomy":"post_tag","embeddable":true,"href":"https:\/\/www.fne94.fr\/index.php\/wp-json\/wp\/v2\/tags?post=1882"}],"curies":[{"name":"wp","href":"https:\/\/api.w.org\/{rel}","templated":true}]}}