{"id":1742,"date":"2024-10-24T08:01:02","date_gmt":"2024-10-24T06:01:02","guid":{"rendered":"https:\/\/www.fne94.fr\/?p=1742"},"modified":"2025-01-23T19:48:36","modified_gmt":"2025-01-23T18:48:36","slug":"assemblee-generale-de-fne94-le-rapport-dactivite","status":"publish","type":"post","link":"https:\/\/www.fne94.fr\/index.php\/2024\/10\/24\/assemblee-generale-de-fne94-le-rapport-dactivite\/","title":{"rendered":"Assembl\u00e9e g\u00e9n\u00e9rale de FNE94 : Le rapport d&rsquo;activit\u00e9"},"content":{"rendered":"\t\t<div data-elementor-type=\"wp-post\" data-elementor-id=\"1742\" class=\"elementor elementor-1742\">\n\t\t\t\t\t\t<section class=\"elementor-section elementor-top-section elementor-element elementor-element-618811f elementor-section-boxed elementor-section-height-default elementor-section-height-default\" data-id=\"618811f\" data-element_type=\"section\">\n\t\t\t\t\t\t<div class=\"elementor-container elementor-column-gap-default\">\n\t\t\t\t\t<div class=\"elementor-column elementor-col-100 elementor-top-column elementor-element elementor-element-de4e12d\" data-id=\"de4e12d\" data-element_type=\"column\">\n\t\t\t<div class=\"elementor-widget-wrap elementor-element-populated\">\n\t\t\t\t\t\t<div class=\"elementor-element elementor-element-d5f1326 elementor-widget elementor-widget-text-editor\" data-id=\"d5f1326\" data-element_type=\"widget\" data-widget_type=\"text-editor.default\">\n\t\t\t\t<div class=\"elementor-widget-container\">\n\t\t\t\t\t\t\t<p>L\u2019Assembl\u00e9e G\u00e9n\u00e9rale du 7 Octobre 2023 (extraordinaire et ordinaire), imm\u00e9diatement suivie d\u2019un Conseil d\u2019Administration, a mis en place une co-pr\u00e9sidence compos\u00e9e de Christian COLLIN (pr\u00e9c\u00e9demment Pr\u00e9sident), Christine NEDELEC et Michel LAVAL<\/p><p><br \/>Par ordre d\u2019entr\u00e9e en sc\u00e8ne au cours de cette ann\u00e9e universitaire, voici les th\u00e9matiques dans lesquelles notre f\u00e9d\u00e9ration d\u00e9partementale s\u2019est impliqu\u00e9e :<br \/>&#8211; Nous participons (Christian) aux r\u00e9unions en Pr\u00e9fecture de la Commission d\u00e9partementale de la nature, des paysages et des sites.<br \/>&#8211; FNE-94 a sign\u00e9 (contrairement \u00e0 FNE-IdF) le Manifeste de l\u2019Appel des for\u00eats d\u2019Ile-de-France<br \/>(14\/10) oppos\u00e9 au mode de gestion (d\u00e9boisement-reboisement) privil\u00e9gi\u00e9 par l\u2019ONF. Nous<br \/>contribuons aux travaux de ce Collectif depuis sa cr\u00e9ation, et relayons ses positions.<br \/>&#8211; FNE-94 s\u2019est engag\u00e9 en partenariat avec les syndicats contre le projet de l\u2019ARS pr\u00e9vu sur le site des H\u00f4pitaux de St-Maurice (pr\u00e9voyant pour ce qui nous concerne des constructions dans un EBC). Christine nous a repr\u00e9sent\u00e9s jusqu\u2019\u00e0 ce jour dans le Collectif ; nous sommes partie prenante de leurs manifestations et leurs communications.<br \/>&#8211; Nous avons entrepris un grand toilettage de l\u2019Annuaire des associations du d\u00e9partement et des efforts de recrutement.<br \/>&#8211; Nous avons aid\u00e9 \u00e0 la cr\u00e9ation de nouvelles associations f\u00e9d\u00e9r\u00e9es (Non \u00e0 la Densification au Plessis-Tr\u00e9vise).<br \/>&#8211; FNE-94 a entam\u00e9 une coop\u00e9ration qui se poursuit \u00e0 ce jour avec l\u2019antenne vincennoise du GNSA (Marie-Noelle Bernard), notamment \u00e0 propos des arbres d\u2019alignement du Ch\u00e2teau de Vincennes (soutien du recours administratif). NB : les arbres du glacis ont h\u00e9las \u00e9t\u00e9 abattus \u00e0 la rentr\u00e9e en septembre. Plus largement participation au Comit\u00e9 (informel) de d\u00e9fense du Bois. Participation \u00e0 plusieurs manifestations et r\u00e9unions, \u00e0 ce titre.<br \/>&#8211; FNE-94 a commenc\u00e9 \u00e0 participer aux rencontres \u00ab AdaptaVille \u00bb (Michel) organis\u00e9s par l\u2019Agence Parisienne pour le Climat.<br \/>&#8211; Nous avons poursuivi notre coop\u00e9ration avec DEJAENAT, notamment pour la d\u00e9fense du grand Ch\u00eane multicentenaire de Saint-Maur en tant que requ\u00e9rant dans la plainte civile. Ce sujet suscite l\u2019adh\u00e9sion du grand public (f\u00eate du 2 d\u00e9cembre).<br \/>&#8211; Nous avons obtenu qu\u2019un proc\u00e8s-verbal d\u2019infraction soit dress\u00e9 contre une construction ill\u00e9gale sur l\u2019\u00cele-des-Loups (Nogent) et avons particip\u00e9 \u00e0 diff\u00e9rentes visites et r\u00e9unions sur cette \u00eele.<br \/>&#8211; FNE-94 a particip\u00e9 au travail d\u2019analyse, de critique et de proposition de FNE-IdF sur le nouveau SDRIF-E, puis \u00e0 l\u2019Enqu\u00eate publique (1er f\u00e9vrier \u2013 16 mars 2024), en tant que f\u00e9d\u00e9ration et au travers plusieurs associations f\u00e9d\u00e9r\u00e9es.<br \/>&#8211; FNE-94 a particip\u00e9 \u00e0 la Commission de suivi de site (CSS) pour la d\u00e9pollution des laboratoires<br \/>Curie \u00e0 Arcueil (avec le soutien d\u2019Agir \u00e0 Villejuif).<br \/>&#8211; Nous avons apport\u00e9 notre contribution d\u00e9partementale au Rapport d\u2019activit\u00e9 de FNE-IdF pour l\u2019exercice 2023.<br \/>&#8211; Suite \u00e0 l\u2019adoption du PLUi d\u00e9finitif du Territoire \u00ab Paris Est Marne et Bois \u00bb (T10) le 12 d\u00e9cembre 2023, nous avons d\u00e9cid\u00e9 de d\u00e9poser un recours avec pour avocat Ma\u00eetre Pitti-Ferrandi. Nous nous sommes parall\u00e8lement associ\u00e9s au recours gracieux d\u00e9pos\u00e9 par DEJAENAT. Ult\u00e9rieurement, notre avocat a d\u00e9pos\u00e9 un recours contentieux regroupant les 2 d\u00e9marches. Dans la continuit\u00e9 du travail r\u00e9alis\u00e9 pour l\u2019Enqu\u00eate publique (30 mai \u2013 1er juillet 2023), nous avons collect\u00e9 les arguments pour notre avocat, en prenant en compte les retouches (ne changeant rien au fond sauf \u00e0 la marge) op\u00e9r\u00e9es pour le PLUi d\u00e9finitif.<br \/>&#8211; Nous avons \u00e9galement apport\u00e9 notre argumentation environnementale au recours d\u00e9pos\u00e9 par le<br \/>Collectif de d\u00e9fense des H\u00f4pitaux de St-Maurice contre l\u2019OAP d\u00e9di\u00e9e au projet dans ce PLUi ;<br \/>&#8211; Nous avons soutenu L\u2019Aruche dans sa lutte contre le projet de prison \u00e0 Noiseau, que l\u2019Etat entend imposer contre l\u2019avis m\u00eame des collectivit\u00e9s locales via un PIG.Participation \u00e0 la grande manifestation du 27 avril. Un recours a \u00e9t\u00e9 d\u00e9pos\u00e9 par le Collectif nois\u00e9en (avocat : Ma\u00eetre Karsenti)<br \/>&#8211; FNE-94 a rejoint la plate-forme associative \u00ab HelloAsso \u00bb. Pour commencer, nous y avons cr\u00e9\u00e9 trois cagnottes de dons citoyens pour nos campagnes :<br \/>\u00a0\u00a0 o (d\u2019abord) Non au PLUI du Territoire PEMB !<br \/>\u00a0\u00a0 o Soutenons la lutte pour les H\u00f4pitaux de Saint-Maurice<br \/>\u00a0\u00a0 o (puis) Soutenez la lutte contre la prison de Noiseau<br \/>&#8211; Si FNE-94 n\u2019a pu r\u00e9pondre \u00e0 la sollicitation de FNE-IdF relative \u00e0 la participation aux travaux pilot\u00e9s par l\u2019Etat de d\u00e9clinaison r\u00e9gionale des engagements climatiques pris par la France pour 2030 (\u00ab Planification \u00e9cologique \u00bb, \u00ab COP-IdF \u00bb), nous avons particip\u00e9 \u00e0 la d\u00e9clinaison d\u00e9partementale (\u00ab COP -94 \u00bb), un peu d\u00e9cevante.<br \/>&#8211; Nous proposons (Christian) des orientations pour la r\u00e9vision en cours du Sch\u00e9ma R\u00e9gional de Coh\u00e9rence \u00c9cologique d\u2019\u00cele-de-France.<br \/>&#8211; Nous participons \u00e0 la d\u00e9clinaison du projet CartoV\u00e9g\u00e9tation de FNE IDF sur le 94. Une premi\u00e8re cartographie des r\u00e9seaux \u00e9cologiques de quatre esp\u00e8ces a \u00e9t\u00e9 r\u00e9alis\u00e9e pour la commune d&rsquo;Arcueil \u00e9t\u00e9 24 sous forme de prestation afin d&rsquo;enrichir la contribution municipale au PLUi du T12. Une pr\u00e9sentation au d\u00e9partement est en pr\u00e9vision dans l&rsquo;id\u00e9e de mod\u00e9liser ces r\u00e9seaux sur l&rsquo;ensemble du territoire.<br \/>&#8211; Un nouveau logo est d\u00e9ploy\u00e9. Faute de temps, le d\u00e9veloppement de la communication notamment la cr\u00e9ation de comptes FNE 94 sur Facebook, Twitter et Linkedin reste en souffrance.<br \/>&#8211; Enfin il est important de souligner que cette ann\u00e9e a permis par de multiples \u00e9changes de resserrer tr\u00e8s significativement les liens entre FNE-IdF et FNE-94.<\/p><p style=\"text-align: right;\">Rapport \u00e9tabli pour la Pr\u00e9sidence par Michel LAVAL<br \/>(apr\u00e8s consultation des deux autres co-pr\u00e9sidents)<\/p>\t\t\t\t\t\t<\/div>\n\t\t\t\t<\/div>\n\t\t\t\t\t<\/div>\n\t\t<\/div>\n\t\t\t\t\t<\/div>\n\t\t<\/section>\n\t\t\t\t<section class=\"elementor-section elementor-top-section elementor-element elementor-element-eb2d4ac elementor-section-boxed elementor-section-height-default elementor-section-height-default\" data-id=\"eb2d4ac\" data-element_type=\"section\">\n\t\t\t\t\t\t<div class=\"elementor-container elementor-column-gap-default\">\n\t\t\t\t\t<div class=\"elementor-column elementor-col-50 elementor-top-column elementor-element elementor-element-c85bb27\" data-id=\"c85bb27\" data-element_type=\"column\">\n\t\t\t<div class=\"elementor-widget-wrap elementor-element-populated\">\n\t\t\t\t\t\t<div class=\"elementor-element elementor-element-32dfe0c elementor-widget elementor-widget-image\" data-id=\"32dfe0c\" data-element_type=\"widget\" data-widget_type=\"image.default\">\n\t\t\t\t<div class=\"elementor-widget-container\">\n\t\t\t\t\t\t\t\t\t\t\t\t\t<img fetchpriority=\"high\" decoding=\"async\" width=\"1024\" height=\"768\" src=\"https:\/\/www.fne94.fr\/wp-content\/uploads\/2024\/10\/ag-2024-1-1024x768.jpg\" class=\"attachment-large size-large wp-image-1797\" alt=\"\" srcset=\"https:\/\/www.fne94.fr\/wp-content\/uploads\/2024\/10\/ag-2024-1-1024x768.jpg 1024w, https:\/\/www.fne94.fr\/wp-content\/uploads\/2024\/10\/ag-2024-1-300x225.jpg 300w, https:\/\/www.fne94.fr\/wp-content\/uploads\/2024\/10\/ag-2024-1-768x576.jpg 768w, https:\/\/www.fne94.fr\/wp-content\/uploads\/2024\/10\/ag-2024-1-1536x1152.jpg 1536w, https:\/\/www.fne94.fr\/wp-content\/uploads\/2024\/10\/ag-2024-1-2048x1536.jpg 2048w\" sizes=\"(max-width: 1024px) 100vw, 1024px\" \/>\t\t\t\t\t\t\t\t\t\t\t\t\t<\/div>\n\t\t\t\t<\/div>\n\t\t\t\t\t<\/div>\n\t\t<\/div>\n\t\t\t\t<div class=\"elementor-column elementor-col-50 elementor-top-column elementor-element elementor-element-a8da0c1\" data-id=\"a8da0c1\" data-element_type=\"column\">\n\t\t\t<div class=\"elementor-widget-wrap elementor-element-populated\">\n\t\t\t\t\t\t<div class=\"elementor-element elementor-element-54bacb2 elementor-widget elementor-widget-image\" data-id=\"54bacb2\" data-element_type=\"widget\" data-widget_type=\"image.default\">\n\t\t\t\t<div class=\"elementor-widget-container\">\n\t\t\t\t\t\t\t\t\t\t\t\t\t<img decoding=\"async\" width=\"1024\" height=\"768\" src=\"https:\/\/www.fne94.fr\/wp-content\/uploads\/2024\/10\/ag-2024-2-1024x768.jpg\" class=\"attachment-large size-large wp-image-1799\" alt=\"\" srcset=\"https:\/\/www.fne94.fr\/wp-content\/uploads\/2024\/10\/ag-2024-2-1024x768.jpg 1024w, https:\/\/www.fne94.fr\/wp-content\/uploads\/2024\/10\/ag-2024-2-300x225.jpg 300w, https:\/\/www.fne94.fr\/wp-content\/uploads\/2024\/10\/ag-2024-2-768x576.jpg 768w, https:\/\/www.fne94.fr\/wp-content\/uploads\/2024\/10\/ag-2024-2-1536x1152.jpg 1536w, https:\/\/www.fne94.fr\/wp-content\/uploads\/2024\/10\/ag-2024-2-2048x1536.jpg 2048w\" sizes=\"(max-width: 1024px) 100vw, 1024px\" \/>\t\t\t\t\t\t\t\t\t\t\t\t\t<\/div>\n\t\t\t\t<\/div>\n\t\t\t\t\t<\/div>\n\t\t<\/div>\n\t\t\t\t\t<\/div>\n\t\t<\/section>\n\t\t\t\t<\/div>\n\t\t","protected":false},"excerpt":{"rendered":"<p>L\u2019Assembl\u00e9e G\u00e9n\u00e9rale du 7 Octobre 2023 (extraordinaire et ordinaire), imm\u00e9diatement suivie d\u2019un Conseil d\u2019Administration, a mis en place une co-pr\u00e9sidence compos\u00e9e de Christian COLLIN (pr\u00e9c\u00e9demment Pr\u00e9sident), Christine NEDELEC et Michel LAVAL Par ordre d\u2019entr\u00e9e en sc\u00e8ne au cours de cette ann\u00e9e universitaire, voici les th\u00e9matiques dans lesquelles notre f\u00e9d\u00e9ration d\u00e9partementale s\u2019est impliqu\u00e9e :&#8211; Nous participons [&hellip;]<\/p>\n","protected":false},"author":1,"featured_media":1803,"comment_status":"closed","ping_status":"open","sticky":false,"template":"","format":"standard","meta":{"_exactmetrics_skip_tracking":false,"_exactmetrics_sitenote_active":false,"_exactmetrics_sitenote_note":"","_exactmetrics_sitenote_category":0,"ocean_post_layout":"full-width","ocean_both_sidebars_style":"","ocean_both_sidebars_content_width":0,"ocean_both_sidebars_sidebars_width":0,"ocean_sidebar":"0","ocean_second_sidebar":"0","ocean_disable_margins":"enable","ocean_add_body_class":"","ocean_shortcode_before_top_bar":"","ocean_shortcode_after_top_bar":"","ocean_shortcode_before_header":"","ocean_shortcode_after_header":"","ocean_has_shortcode":"","ocean_shortcode_after_title":"","ocean_shortcode_before_footer_widgets":"","ocean_shortcode_after_footer_widgets":"","ocean_shortcode_before_footer_bottom":"","ocean_shortcode_after_footer_bottom":"","ocean_display_top_bar":"default","ocean_display_header":"default","ocean_header_style":"","ocean_center_header_left_menu":"0","ocean_custom_header_template":"0","ocean_custom_logo":0,"ocean_custom_retina_logo":0,"ocean_custom_logo_max_width":0,"ocean_custom_logo_tablet_max_width":0,"ocean_custom_logo_mobile_max_width":0,"ocean_custom_logo_max_height":0,"ocean_custom_logo_tablet_max_height":0,"ocean_custom_logo_mobile_max_height":0,"ocean_header_custom_menu":"0","ocean_menu_typo_font_family":"0","ocean_menu_typo_font_subset":"","ocean_menu_typo_font_size":0,"ocean_menu_typo_font_size_tablet":0,"ocean_menu_typo_font_size_mobile":0,"ocean_menu_typo_font_size_unit":"px","ocean_menu_typo_font_weight":"","ocean_menu_typo_font_weight_tablet":"","ocean_menu_typo_font_weight_mobile":"","ocean_menu_typo_transform":"","ocean_menu_typo_transform_tablet":"","ocean_menu_typo_transform_mobile":"","ocean_menu_typo_line_height":0,"ocean_menu_typo_line_height_tablet":0,"ocean_menu_typo_line_height_mobile":0,"ocean_menu_typo_line_height_unit":"","ocean_menu_typo_spacing":0,"ocean_menu_typo_spacing_tablet":0,"ocean_menu_typo_spacing_mobile":0,"ocean_menu_typo_spacing_unit":"","ocean_menu_link_color":"","ocean_menu_link_color_hover":"","ocean_menu_link_color_active":"","ocean_menu_link_background":"","ocean_menu_link_hover_background":"","ocean_menu_link_active_background":"","ocean_menu_social_links_bg":"","ocean_menu_social_hover_links_bg":"","ocean_menu_social_links_color":"","ocean_menu_social_hover_links_color":"","ocean_disable_title":"default","ocean_disable_heading":"default","ocean_post_title":"","ocean_post_subheading":"","ocean_post_title_style":"","ocean_post_title_background_color":"","ocean_post_title_background":0,"ocean_post_title_bg_image_position":"","ocean_post_title_bg_image_attachment":"","ocean_post_title_bg_image_repeat":"","ocean_post_title_bg_image_size":"","ocean_post_title_height":0,"ocean_post_title_bg_overlay":0.5,"ocean_post_title_bg_overlay_color":"","ocean_disable_breadcrumbs":"default","ocean_breadcrumbs_color":"","ocean_breadcrumbs_separator_color":"","ocean_breadcrumbs_links_color":"","ocean_breadcrumbs_links_hover_color":"","ocean_display_footer_widgets":"default","ocean_display_footer_bottom":"default","ocean_custom_footer_template":"0","cybocfi_hide_featured_image":"yes","ocean_post_oembed":"","ocean_post_self_hosted_media":"","ocean_post_video_embed":"","ocean_link_format":"","ocean_link_format_target":"self","ocean_quote_format":"","ocean_quote_format_link":"post","ocean_gallery_link_images":"off","ocean_gallery_id":[],"footnotes":""},"categories":[1],"tags":[],"class_list":["post-1742","post","type-post","status-publish","format-standard","has-post-thumbnail","hentry","category-non-classe","entry","has-media"],"_links":{"self":[{"href":"https:\/\/www.fne94.fr\/index.php\/wp-json\/wp\/v2\/posts\/1742"}],"collection":[{"href":"https:\/\/www.fne94.fr\/index.php\/wp-json\/wp\/v2\/posts"}],"about":[{"href":"https:\/\/www.fne94.fr\/index.php\/wp-json\/wp\/v2\/types\/post"}],"author":[{"embeddable":true,"href":"https:\/\/www.fne94.fr\/index.php\/wp-json\/wp\/v2\/users\/1"}],"replies":[{"embeddable":true,"href":"https:\/\/www.fne94.fr\/index.php\/wp-json\/wp\/v2\/comments?post=1742"}],"version-history":[{"count":20,"href":"https:\/\/www.fne94.fr\/index.php\/wp-json\/wp\/v2\/posts\/1742\/revisions"}],"predecessor-version":[{"id":1804,"href":"https:\/\/www.fne94.fr\/index.php\/wp-json\/wp\/v2\/posts\/1742\/revisions\/1804"}],"wp:featuredmedia":[{"embeddable":true,"href":"https:\/\/www.fne94.fr\/index.php\/wp-json\/wp\/v2\/media\/1803"}],"wp:attachment":[{"href":"https:\/\/www.fne94.fr\/index.php\/wp-json\/wp\/v2\/media?parent=1742"}],"wp:term":[{"taxonomy":"category","embeddable":true,"href":"https:\/\/www.fne94.fr\/index.php\/wp-json\/wp\/v2\/categories?post=1742"},{"taxonomy":"post_tag","embeddable":true,"href":"https:\/\/www.fne94.fr\/index.php\/wp-json\/wp\/v2\/tags?post=1742"}],"curies":[{"name":"wp","href":"https:\/\/api.w.org\/{rel}","templated":true}]}}