{"id":1598,"date":"2023-10-31T18:14:54","date_gmt":"2023-10-31T17:14:54","guid":{"rendered":"https:\/\/www.val-de-marne-environnement.fr\/?p=1598"},"modified":"2024-10-24T09:54:47","modified_gmt":"2024-10-24T07:54:47","slug":"2-decembre-11h-st-maur-fetons-le-grand-chene-elu-arbre-remarquable-de-france-par-a-r-b-r-e-s","status":"publish","type":"post","link":"https:\/\/www.fne94.fr\/index.php\/2023\/10\/31\/2-decembre-11h-st-maur-fetons-le-grand-chene-elu-arbre-remarquable-de-france-par-a-r-b-r-e-s\/","title":{"rendered":"2 d\u00e9cembre 11h St-Maur : F\u00eatons le Grand             Ch\u00eane \u00e9lu \u00ab\u00a0Arbre Remarquable de France\u00a0\u00bb par A.R.B.R.E.S"},"content":{"rendered":"\t\t<div data-elementor-type=\"wp-post\" data-elementor-id=\"1598\" class=\"elementor elementor-1598\">\n\t\t\t\t\t\t<section class=\"elementor-section elementor-top-section elementor-element elementor-element-196f8f5 elementor-section-boxed elementor-section-height-default elementor-section-height-default\" data-id=\"196f8f5\" data-element_type=\"section\">\n\t\t\t\t\t\t<div class=\"elementor-container elementor-column-gap-default\">\n\t\t\t\t\t<div class=\"elementor-column elementor-col-100 elementor-top-column elementor-element elementor-element-76eadac\" data-id=\"76eadac\" data-element_type=\"column\">\n\t\t\t<div class=\"elementor-widget-wrap\">\n\t\t\t\t\t\t\t<\/div>\n\t\t<\/div>\n\t\t\t\t\t<\/div>\n\t\t<\/section>\n\t\t\t\t<section class=\"elementor-section elementor-top-section elementor-element elementor-element-665e0bf elementor-section-boxed elementor-section-height-default elementor-section-height-default\" data-id=\"665e0bf\" data-element_type=\"section\">\n\t\t\t\t\t\t<div class=\"elementor-container elementor-column-gap-default\">\n\t\t\t\t\t<div class=\"elementor-column elementor-col-100 elementor-top-column elementor-element elementor-element-0c21917\" data-id=\"0c21917\" data-element_type=\"column\">\n\t\t\t<div class=\"elementor-widget-wrap elementor-element-populated\">\n\t\t\t\t\t\t<div class=\"elementor-element elementor-element-d5f1326 elementor-widget elementor-widget-text-editor\" data-id=\"d5f1326\" data-element_type=\"widget\" data-widget_type=\"text-editor.default\">\n\t\t\t\t<div class=\"elementor-widget-container\">\n\t\t\t\t\t\t\t<p><strong>Rassemblement devant le Grand Ch\u00eane au 70 avenue du G\u00e9n\u00e9ral Leclerc \u00e0 Saint-Maur <\/strong><\/p><p>Cher-es ami-es,<\/p><p>Nous sommes toujours plus nombreux \u00e0 admirer le Grand Ch\u00eane de St-Maur \u2013 81.000 p\u00e9titionnaires pour le prot\u00e9ger des app\u00e9tits lucratifs et le valoriser au sein d\u2019une parcelle qui doit devenir publique.<\/p><p>En 2022, il a re\u00e7u le prix\u00a0\u00ab\u00a0<strong>Coup de Coeur &#8211; plus bel arbre 2022 en Ile-de-France<\/strong>\u00a0\u00bb &#8211; d\u00e9cern\u00e9 par le jury du concours de la R\u00e9gion IdF \u2013 AEV.<\/p><p>Le 2 d\u00e9cembre 2023, il sera qualifi\u00e9 <strong>\u00ab\u00a0Arbre remarquable de France\u00a0\u00bb<\/strong> avec ce Label remis \u00e0 Dejaenat par Georges Feterman, Pr\u00e9sident de l\u2019association A.R.B.R.E.S\u00a0; Celle-ci l\u2019a expertis\u00e9\u00a0: <em>de bonne vitalit\u00e9, malgr\u00e9 l\u2019arrachement d\u2019une charpenti\u00e8re qu\u2019il a compens\u00e9<\/em>.<\/p><p><strong>Nous avons demand\u00e9 qu\u2019il soit aussi class\u00e9 au PLUI \u00ab\u00a0EBC \u2013 Espace Bois\u00e9 Class\u00e9\u00a0\u00bb, <\/strong>meilleur niveau de protection, mais le Territoire a rejet\u00e9 cette demande dans sa r\u00e9ponse. Pourquoi\u00a0? sinon continuer \u00e0 vouloir construire\u00a0!<\/p><p>Le promoteur est, gr\u00e2ce \u00e0 nous, bloqu\u00e9 dans son projet immobilier, mais toujours soutenu par la ville, qui ne se consid\u00e8re m\u00eame pas victime d\u2019escroquerie. Le promoteur, encore gr\u00e2ce \u00e0 nous, est pourtant renvoy\u00e9 en correctionnelle\u00a0!<\/p><p>Le promoteur a aussi laiss\u00e9 \u00e0 l\u2019abandon son mat\u00e9riel de chantier sur site, malgr\u00e9 ses obligations de les \u00e9vacuer lors d\u2019un chantier termin\u00e9.<\/p><p>Ce Grand Ch\u00eane nous apporte beaut\u00e9, r\u00e9confort, biodiversit\u00e9, paysage, concert sonore, fraicheur, ombrage, tout un \u00e9cosyst\u00e8me profitable au Vivant, \u00e0 tous les riverains et aux g\u00e9n\u00e9rations futures.<\/p><p>M\u00e9moire patrimoniale de notre pass\u00e9 et monde vivant \u00e0 lui seul, cet arbre magnifique doit \u00eatre prot\u00e9g\u00e9 par l\u2019abandon de toute construction immobili\u00e8re dans son espace vital et sa zone de d\u00e9veloppement.<\/p><p><strong>F\u00eatons-le dignement avec l\u2019association A.R.B.R.E.S le qualifiant<\/strong><\/p><p><strong> \u00ab\u00a0ARBRE REMARQUABLE DE FRANCE\u00a0\u00bb<\/strong><\/p><p><strong>Protestons contre les app\u00e9tits d\u2019an\u00e9antissement du vivant<\/strong><\/p><p><strong>Valorisons un projet p\u00e9dagogique \u00e9cologique autour du Grand Ch\u00eane<\/strong><\/p><p><b><strong>\u00a0<\/strong><\/b> NB : Apportez de quoi boire et grignoter \u00e0 la sant\u00e9 du Grand Ch\u00eane.<br \/>\u00a0\u00a0\u00a0\u00a0\u00a0\u00a0\u00a0\u00a0\u00a0 Soutenez notre association, nous avons besoin d&rsquo;argent pour les actions en justice :<\/p><p><b><strong>\u00a0 \u00a0 \u00a0 \u00a0 \u00a0 <\/strong><\/b><b><strong><a href=\"https:\/\/www.helloasso.com\/associations\/collectif-pour-la-defense-des-jardins-et-espaces-naturels-du-val-de-marne\/collectes\/pour-un-projet-qui-preserve-le-plus-vieux-chene-d-ile-de-france\">LIEN POUR LA CAGNOTTE EN LIGNE<\/a><\/strong><\/b><\/p>\t\t\t\t\t\t<\/div>\n\t\t\t\t<\/div>\n\t\t\t\t\t<\/div>\n\t\t<\/div>\n\t\t\t\t\t<\/div>\n\t\t<\/section>\n\t\t\t\t<\/div>\n\t\t","protected":false},"excerpt":{"rendered":"<p>Rassemblement devant le Grand Ch\u00eane au 70 avenue du G\u00e9n\u00e9ral Leclerc \u00e0 Saint-Maur Cher-es ami-es, Nous sommes toujours plus nombreux \u00e0 admirer le Grand Ch\u00eane de St-Maur \u2013 81.000 p\u00e9titionnaires pour le prot\u00e9ger des app\u00e9tits lucratifs et le valoriser au sein d\u2019une parcelle qui doit devenir publique. En 2022, il a re\u00e7u le prix\u00a0\u00ab\u00a0Coup de [&hellip;]<\/p>\n","protected":false},"author":1,"featured_media":1599,"comment_status":"closed","ping_status":"open","sticky":false,"template":"","format":"standard","meta":{"_exactmetrics_skip_tracking":false,"_exactmetrics_sitenote_active":false,"_exactmetrics_sitenote_note":"","_exactmetrics_sitenote_category":0,"ocean_post_layout":"full-width","ocean_both_sidebars_style":"","ocean_both_sidebars_content_width":0,"ocean_both_sidebars_sidebars_width":0,"ocean_sidebar":"0","ocean_second_sidebar":"0","ocean_disable_margins":"enable","ocean_add_body_class":"","ocean_shortcode_before_top_bar":"","ocean_shortcode_after_top_bar":"","ocean_shortcode_before_header":"","ocean_shortcode_after_header":"","ocean_has_shortcode":"","ocean_shortcode_after_title":"","ocean_shortcode_before_footer_widgets":"","ocean_shortcode_after_footer_widgets":"","ocean_shortcode_before_footer_bottom":"","ocean_shortcode_after_footer_bottom":"","ocean_display_top_bar":"default","ocean_display_header":"default","ocean_header_style":"","ocean_center_header_left_menu":"0","ocean_custom_header_template":"0","ocean_custom_logo":0,"ocean_custom_retina_logo":0,"ocean_custom_logo_max_width":0,"ocean_custom_logo_tablet_max_width":0,"ocean_custom_logo_mobile_max_width":0,"ocean_custom_logo_max_height":0,"ocean_custom_logo_tablet_max_height":0,"ocean_custom_logo_mobile_max_height":0,"ocean_header_custom_menu":"0","ocean_menu_typo_font_family":"0","ocean_menu_typo_font_subset":"","ocean_menu_typo_font_size":0,"ocean_menu_typo_font_size_tablet":0,"ocean_menu_typo_font_size_mobile":0,"ocean_menu_typo_font_size_unit":"px","ocean_menu_typo_font_weight":"","ocean_menu_typo_font_weight_tablet":"","ocean_menu_typo_font_weight_mobile":"","ocean_menu_typo_transform":"","ocean_menu_typo_transform_tablet":"","ocean_menu_typo_transform_mobile":"","ocean_menu_typo_line_height":0,"ocean_menu_typo_line_height_tablet":0,"ocean_menu_typo_line_height_mobile":0,"ocean_menu_typo_line_height_unit":"","ocean_menu_typo_spacing":0,"ocean_menu_typo_spacing_tablet":0,"ocean_menu_typo_spacing_mobile":0,"ocean_menu_typo_spacing_unit":"","ocean_menu_link_color":"","ocean_menu_link_color_hover":"","ocean_menu_link_color_active":"","ocean_menu_link_background":"","ocean_menu_link_hover_background":"","ocean_menu_link_active_background":"","ocean_menu_social_links_bg":"","ocean_menu_social_hover_links_bg":"","ocean_menu_social_links_color":"","ocean_menu_social_hover_links_color":"","ocean_disable_title":"default","ocean_disable_heading":"default","ocean_post_title":"","ocean_post_subheading":"","ocean_post_title_style":"","ocean_post_title_background_color":"","ocean_post_title_background":0,"ocean_post_title_bg_image_position":"","ocean_post_title_bg_image_attachment":"","ocean_post_title_bg_image_repeat":"","ocean_post_title_bg_image_size":"","ocean_post_title_height":0,"ocean_post_title_bg_overlay":0.5,"ocean_post_title_bg_overlay_color":"","ocean_disable_breadcrumbs":"default","ocean_breadcrumbs_color":"","ocean_breadcrumbs_separator_color":"","ocean_breadcrumbs_links_color":"","ocean_breadcrumbs_links_hover_color":"","ocean_display_footer_widgets":"default","ocean_display_footer_bottom":"default","ocean_custom_footer_template":"0","cybocfi_hide_featured_image":"","ocean_post_oembed":"","ocean_post_self_hosted_media":"","ocean_post_video_embed":"","ocean_link_format":"","ocean_link_format_target":"self","ocean_quote_format":"","ocean_quote_format_link":"post","ocean_gallery_link_images":"off","ocean_gallery_id":[],"footnotes":""},"categories":[6],"tags":[],"class_list":["post-1598","post","type-post","status-publish","format-standard","has-post-thumbnail","hentry","category-biodiversite","entry","has-media"],"_links":{"self":[{"href":"https:\/\/www.fne94.fr\/index.php\/wp-json\/wp\/v2\/posts\/1598"}],"collection":[{"href":"https:\/\/www.fne94.fr\/index.php\/wp-json\/wp\/v2\/posts"}],"about":[{"href":"https:\/\/www.fne94.fr\/index.php\/wp-json\/wp\/v2\/types\/post"}],"author":[{"embeddable":true,"href":"https:\/\/www.fne94.fr\/index.php\/wp-json\/wp\/v2\/users\/1"}],"replies":[{"embeddable":true,"href":"https:\/\/www.fne94.fr\/index.php\/wp-json\/wp\/v2\/comments?post=1598"}],"version-history":[{"count":4,"href":"https:\/\/www.fne94.fr\/index.php\/wp-json\/wp\/v2\/posts\/1598\/revisions"}],"predecessor-version":[{"id":1603,"href":"https:\/\/www.fne94.fr\/index.php\/wp-json\/wp\/v2\/posts\/1598\/revisions\/1603"}],"wp:featuredmedia":[{"embeddable":true,"href":"https:\/\/www.fne94.fr\/index.php\/wp-json\/wp\/v2\/media\/1599"}],"wp:attachment":[{"href":"https:\/\/www.fne94.fr\/index.php\/wp-json\/wp\/v2\/media?parent=1598"}],"wp:term":[{"taxonomy":"category","embeddable":true,"href":"https:\/\/www.fne94.fr\/index.php\/wp-json\/wp\/v2\/categories?post=1598"},{"taxonomy":"post_tag","embeddable":true,"href":"https:\/\/www.fne94.fr\/index.php\/wp-json\/wp\/v2\/tags?post=1598"}],"curies":[{"name":"wp","href":"https:\/\/api.w.org\/{rel}","templated":true}]}}