{"id":1165,"date":"2022-02-11T12:21:32","date_gmt":"2022-02-11T11:21:32","guid":{"rendered":"http:\/\/www.val-de-marne-environnement.fr\/?p=1165"},"modified":"2025-10-13T15:01:14","modified_gmt":"2025-10-13T13:01:14","slug":"7-8-novembre-2022-colloque-regional-sur-leau","status":"publish","type":"post","link":"https:\/\/www.fne94.fr\/index.php\/2022\/02\/11\/7-8-novembre-2022-colloque-regional-sur-leau\/","title":{"rendered":"7-8 novembre 2022 &#8211; Colloque R\u00e9gional sur l&rsquo;eau"},"content":{"rendered":"\t\t<div data-elementor-type=\"wp-post\" data-elementor-id=\"1165\" class=\"elementor elementor-1165\">\n\t\t\t\t\t\t<section class=\"elementor-section elementor-top-section elementor-element elementor-element-2d99e11 elementor-section-boxed elementor-section-height-default elementor-section-height-default\" data-id=\"2d99e11\" data-element_type=\"section\">\n\t\t\t\t\t\t<div class=\"elementor-container elementor-column-gap-default\">\n\t\t\t\t\t<div class=\"elementor-column elementor-col-100 elementor-top-column elementor-element elementor-element-55868f1\" data-id=\"55868f1\" data-element_type=\"column\">\n\t\t\t<div class=\"elementor-widget-wrap elementor-element-populated\">\n\t\t\t\t\t\t<div class=\"elementor-element elementor-element-b779155 elementor-widget elementor-widget-text-editor\" data-id=\"b779155\" data-element_type=\"widget\" data-widget_type=\"text-editor.default\">\n\t\t\t\t<div class=\"elementor-widget-container\">\n\t\t\t\t\t\t\t<p><b>COLLOQUE &#8211; LA RESSOURCE EN EAU EN \u00ceLE-DE-FRANCE DANS UN CONTEXTE DE D\u00c9REGLEMENT CLIMATIQUE<br \/><\/b><\/p><p><b>Les 7 et 8 novembre 2022 dans la salle des f\u00eates de la Mairie de Paris<\/b><\/p><p><strong>______<\/strong><\/p><p>FNE Ile-de-France poursuit son exploration de la th\u00e9matique de l&rsquo;eau. Apr\u00e8s des colloques d\u00e9partementaux dans chacun des huit d\u00e9partements de l&rsquo;\u00cele-de-France, vous \u00eates convi\u00e9s \u00e0 son grand colloque r\u00e9gional, dans la salle des f\u00eates de la mairie de Paris.<\/p><p>Nous avons une tr\u00e8s forte motivation pour mobiliser\u00a0<strong>l&rsquo;ensemble de nos associations d&rsquo;Ile-de-France<\/strong>\u00a0dans ce contexte si urgent de d\u00e9r\u00e8glement climatique afin\u00a0<strong>de partager\u00a0<\/strong>ensemble (associations &#8211; scientifiques &#8211; \u00e9lus et institutions) les\u00a0<strong>exp\u00e9riences sur le terrain<\/strong>\u00a0et les moyens \u00e0 mettre en \u0153uvre pour s&rsquo;adapter au mieux \u00e0 ces nouvelles conditions climatiques.\u00a0<strong>Le dialogue territorial\u00a0appara\u00eet en effet comme la question de fond de ce colloque.<\/strong><\/p><p><strong>Il abordera les probl\u00e9matiques suivantes\u00a0:<\/strong><\/p><ul><li><strong>Ressource en eau\u00a0<\/strong>dans le bassin de la Seine :\u00a0quel \u00e9tat des lieux\u00a0?<\/li><li>Conflits d\u2019usages \u00e0 venir,\u00a0<strong>quelles solutions pour le partage de la ressource<\/strong>\u00a0?<\/li><li>Comment cr\u00e9e-t-on du\u00a0<strong>savoir scientifique<\/strong> dans le domaine de l\u2019eau ?<\/li><li>Comment construire une\u00a0<strong>culture commune<\/strong>\u00a0autour de ces sujets dans les territoires ?<\/li><\/ul><p>En savoir plus sur la ressource en eau et ses probl\u00e9matiques gr\u00e2ce \u00e0 notre <a href=\"https:\/\/fne-idf.fr\/PDF\/Divers\/Plaquette_Pedagogique_web%20(2).pdf\" target=\"_blank\" rel=\"noopener\">Plaquette P\u00e9dagogique<\/a><\/p><p><strong><a href=\"https:\/\/fne-idf.fr\/PDF\/Divers\/programme-colloque-vdef.pdf\">Programme<\/a><\/strong><\/p><p>Retrouvez le programme en cliquant <a href=\"https:\/\/fne-idf.fr\/PDF\/Divers\/programme-colloque-vdef.pdf\" target=\"_blank\" rel=\"noopener\">ici<\/a><\/p><p>.<\/p><table><tbody><tr><td>\u00a0<\/td><td><p>7 et 8-nov<\/p><p>pack 2 jours<\/p><\/td><td><p>07-nov<\/p><p>pack 1 jour<\/p><\/td><td><p>08-nov<\/p><p>pack 1 jour<\/p><\/td><\/tr><tr><td>Associations\/\u00e9tudiants *<\/td><td>gratuit<\/td><td>gratuit<\/td><td>gratuit<\/td><\/tr><tr><td>Postdoctorants\/chercheur<\/td><td>80 \u20ac<\/td><td>50 \u20ac<\/td><td>50 \u20ac<\/td><\/tr><tr><td>Elus\/Institutions\/Entreprises<\/td><td>120 \u20ac<\/td><td>75 \u20ac<\/td><td>\u00a0<\/td><\/tr><\/tbody><\/table><p><em>* les particuliers non-actifs (retrait\u00e9\/ch\u00f4meur) sont \u00e9ligibles \u00e0 la cat\u00e9gorie tarifaire\u00a0 \u00ab\u00a0Association\/\u00c9tudiant \u00ab\u00a0. Nous vous encourageons n\u00e9anmoins \u00e0 vous rapprocher d&rsquo;une association locale de protection de l&rsquo;environnement (liste par d\u00e9partement sur le site de FNE-Ile de France)<\/em><\/p><p><a href=\"https:\/\/yurplan.com\/event\/COLLOQUE-REGIONAL-EAU-FNE-Ile-de-France-7-8-nov-2022\/79464\"><strong>Cliquer ici pour acc\u00e9der au site d\u2019inscription<\/strong><\/a><\/p><div>\u00a0<\/div><div class=\"yurplan-widget-container\">Vous \u00eates un particulier, une collectivit\u00e9 ou une entreprise, souhaitez inscrire un\u00a0participant mais ne pouvez l&rsquo;inscrire en ligne ou vous ne poss\u00e9dez pas\u00a0de carte-bancaire : proc\u00e9dez \u00e0 l&rsquo;inscription de la personne, au moment\u00a0du paiement, cochez \u00ab\u00a0autre paiement\u00a0\u00bb, le participant recevra alors instantan\u00e9ment une facture \u00e0 r\u00e9gler avec les modalit\u00e9s de paiement.\u00a0Lorsque votre virement et\/ou ch\u00e8que nous sera parvenu, le participant\u00a0recevra alors par mail son billet-badge permettant l&rsquo;acc\u00e8s au\u00a0colloque.75<\/div><p>La pr\u00e9sentation du badge avec le <strong>QR Code<\/strong> est indispensable pour entrer dans les salons de la Mairie de Paris. Il sera demand\u00e9 sur le parvis devant le 3 rue Lobau.<\/p><p>Pour toute demande sp\u00e9cifique, veuillez nous adresser votre demande \u00e0\u00a0l&rsquo;adresse suivante :\u00a0<strong><a href=\"mailto:colloque-eau-2022-inscriptions@fne-idf.fr\">colloque-eau-2022-inscriptions@fne-idf.fr<\/a><\/strong><\/p>\t\t\t\t\t\t<\/div>\n\t\t\t\t<\/div>\n\t\t\t\t\t<\/div>\n\t\t<\/div>\n\t\t\t\t\t<\/div>\n\t\t<\/section>\n\t\t\t\t<\/div>\n\t\t","protected":false},"excerpt":{"rendered":"<p>COLLOQUE &#8211; LA RESSOURCE EN EAU EN \u00ceLE-DE-FRANCE DANS UN CONTEXTE DE D\u00c9REGLEMENT CLIMATIQUE Les 7 et 8 novembre 2022 dans la salle des f\u00eates de la Mairie de Paris ______ FNE Ile-de-France poursuit son exploration de la th\u00e9matique de l&rsquo;eau. Apr\u00e8s des colloques d\u00e9partementaux dans chacun des huit d\u00e9partements de l&rsquo;\u00cele-de-France, vous \u00eates convi\u00e9s [&hellip;]<\/p>\n","protected":false},"author":1,"featured_media":1148,"comment_status":"closed","ping_status":"open","sticky":false,"template":"","format":"standard","meta":{"_exactmetrics_skip_tracking":false,"_exactmetrics_sitenote_active":false,"_exactmetrics_sitenote_note":"","_exactmetrics_sitenote_category":0,"ocean_post_layout":"full-width","ocean_both_sidebars_style":"","ocean_both_sidebars_content_width":0,"ocean_both_sidebars_sidebars_width":0,"ocean_sidebar":"0","ocean_second_sidebar":"0","ocean_disable_margins":"enable","ocean_add_body_class":"","ocean_shortcode_before_top_bar":"","ocean_shortcode_after_top_bar":"","ocean_shortcode_before_header":"","ocean_shortcode_after_header":"","ocean_has_shortcode":"","ocean_shortcode_after_title":"","ocean_shortcode_before_footer_widgets":"","ocean_shortcode_after_footer_widgets":"","ocean_shortcode_before_footer_bottom":"","ocean_shortcode_after_footer_bottom":"","ocean_display_top_bar":"default","ocean_display_header":"default","ocean_header_style":"","ocean_center_header_left_menu":"0","ocean_custom_header_template":"0","ocean_custom_logo":0,"ocean_custom_retina_logo":0,"ocean_custom_logo_max_width":0,"ocean_custom_logo_tablet_max_width":0,"ocean_custom_logo_mobile_max_width":0,"ocean_custom_logo_max_height":0,"ocean_custom_logo_tablet_max_height":0,"ocean_custom_logo_mobile_max_height":0,"ocean_header_custom_menu":"0","ocean_menu_typo_font_family":"0","ocean_menu_typo_font_subset":"","ocean_menu_typo_font_size":0,"ocean_menu_typo_font_size_tablet":0,"ocean_menu_typo_font_size_mobile":0,"ocean_menu_typo_font_size_unit":"px","ocean_menu_typo_font_weight":"","ocean_menu_typo_font_weight_tablet":"","ocean_menu_typo_font_weight_mobile":"","ocean_menu_typo_transform":"","ocean_menu_typo_transform_tablet":"","ocean_menu_typo_transform_mobile":"","ocean_menu_typo_line_height":0,"ocean_menu_typo_line_height_tablet":0,"ocean_menu_typo_line_height_mobile":0,"ocean_menu_typo_line_height_unit":"","ocean_menu_typo_spacing":0,"ocean_menu_typo_spacing_tablet":0,"ocean_menu_typo_spacing_mobile":0,"ocean_menu_typo_spacing_unit":"","ocean_menu_link_color":"","ocean_menu_link_color_hover":"","ocean_menu_link_color_active":"","ocean_menu_link_background":"","ocean_menu_link_hover_background":"","ocean_menu_link_active_background":"","ocean_menu_social_links_bg":"","ocean_menu_social_hover_links_bg":"","ocean_menu_social_links_color":"","ocean_menu_social_hover_links_color":"","ocean_disable_title":"default","ocean_disable_heading":"default","ocean_post_title":"","ocean_post_subheading":"","ocean_post_title_style":"","ocean_post_title_background_color":"","ocean_post_title_background":0,"ocean_post_title_bg_image_position":"","ocean_post_title_bg_image_attachment":"","ocean_post_title_bg_image_repeat":"","ocean_post_title_bg_image_size":"","ocean_post_title_height":0,"ocean_post_title_bg_overlay":0.5,"ocean_post_title_bg_overlay_color":"","ocean_disable_breadcrumbs":"default","ocean_breadcrumbs_color":"","ocean_breadcrumbs_separator_color":"","ocean_breadcrumbs_links_color":"","ocean_breadcrumbs_links_hover_color":"","ocean_display_footer_widgets":"default","ocean_display_footer_bottom":"default","ocean_custom_footer_template":"0","cybocfi_hide_featured_image":"yes","ocean_post_oembed":"","ocean_post_self_hosted_media":"","ocean_post_video_embed":"","ocean_link_format":"","ocean_link_format_target":"self","ocean_quote_format":"","ocean_quote_format_link":"post","ocean_gallery_link_images":"off","ocean_gallery_id":[],"footnotes":""},"categories":[8],"tags":[],"class_list":["post-1165","post","type-post","status-publish","format-standard","has-post-thumbnail","hentry","category-sante-pollution","entry","has-media"],"_links":{"self":[{"href":"https:\/\/www.fne94.fr\/index.php\/wp-json\/wp\/v2\/posts\/1165"}],"collection":[{"href":"https:\/\/www.fne94.fr\/index.php\/wp-json\/wp\/v2\/posts"}],"about":[{"href":"https:\/\/www.fne94.fr\/index.php\/wp-json\/wp\/v2\/types\/post"}],"author":[{"embeddable":true,"href":"https:\/\/www.fne94.fr\/index.php\/wp-json\/wp\/v2\/users\/1"}],"replies":[{"embeddable":true,"href":"https:\/\/www.fne94.fr\/index.php\/wp-json\/wp\/v2\/comments?post=1165"}],"version-history":[{"count":18,"href":"https:\/\/www.fne94.fr\/index.php\/wp-json\/wp\/v2\/posts\/1165\/revisions"}],"predecessor-version":[{"id":1283,"href":"https:\/\/www.fne94.fr\/index.php\/wp-json\/wp\/v2\/posts\/1165\/revisions\/1283"}],"wp:featuredmedia":[{"embeddable":true,"href":"https:\/\/www.fne94.fr\/index.php\/wp-json\/wp\/v2\/media\/1148"}],"wp:attachment":[{"href":"https:\/\/www.fne94.fr\/index.php\/wp-json\/wp\/v2\/media?parent=1165"}],"wp:term":[{"taxonomy":"category","embeddable":true,"href":"https:\/\/www.fne94.fr\/index.php\/wp-json\/wp\/v2\/categories?post=1165"},{"taxonomy":"post_tag","embeddable":true,"href":"https:\/\/www.fne94.fr\/index.php\/wp-json\/wp\/v2\/tags?post=1165"}],"curies":[{"name":"wp","href":"https:\/\/api.w.org\/{rel}","templated":true}]}}