{"id":1125,"date":"2021-11-16T16:45:06","date_gmt":"2021-11-16T15:45:06","guid":{"rendered":"http:\/\/www.val-de-marne-environnement.fr\/?p=1125"},"modified":"2025-10-13T15:10:39","modified_gmt":"2025-10-13T13:10:39","slug":"touche-pas-a-mon-bois-signez-la-petition","status":"publish","type":"post","link":"https:\/\/www.fne94.fr\/index.php\/2021\/11\/16\/touche-pas-a-mon-bois-signez-la-petition\/","title":{"rendered":"Touche pas \u00e0 mon bois &#8211; Signez la p\u00e9tition"},"content":{"rendered":"\t\t<div data-elementor-type=\"wp-post\" data-elementor-id=\"1125\" class=\"elementor elementor-1125\">\n\t\t\t\t\t\t<section class=\"elementor-section elementor-top-section elementor-element elementor-element-d0e0f30 elementor-section-boxed elementor-section-height-default elementor-section-height-default\" data-id=\"d0e0f30\" data-element_type=\"section\">\n\t\t\t\t\t\t<div class=\"elementor-container elementor-column-gap-default\">\n\t\t\t\t\t<div class=\"elementor-column elementor-col-100 elementor-top-column elementor-element elementor-element-61c35ef\" data-id=\"61c35ef\" data-element_type=\"column\">\n\t\t\t<div class=\"elementor-widget-wrap elementor-element-populated\">\n\t\t\t\t\t\t<div class=\"elementor-element elementor-element-17ebac1 elementor-widget elementor-widget-text-editor\" data-id=\"17ebac1\" data-element_type=\"widget\" data-widget_type=\"text-editor.default\">\n\t\t\t\t<div class=\"elementor-widget-container\">\n\t\t\t\t\t\t\t<div data-qa=\"description-content\"><div><p><strong>Non au massacre du bois de Vincennes dans le cadre du prolongement de la ligne 1 du m\u00e9tro parisien<\/strong><\/p><p>Le projet de prolongement de la ligne 1 du m\u00e9tro va bient\u00f4t \u00eatre d\u00e9finitivement adopt\u00e9\u00a0: l\u2019enqu\u00eate publique va avoir lieu courant 2022. Or, le trac\u00e9 retenu et les modalit\u00e9s de construction menacent de mutiler irr\u00e9m\u00e9diablement le bois de Vincennes.<\/p><p>Les promoteurs du projet ont d\u00e9cid\u00e9 de creuser le puit de sortie du tunnelier et une large partie du tunnel \u00e0 ciel ouvert, dans le bois de Vincennes. L\u2019emprise du chantier dans le bois est estim\u00e9e \u00e0 20 000 m2 (la superficie d\u2019environ 100 terrains de tennis) qui vont \u00eatre d\u00e9bois\u00e9s et partiellement b\u00e9tonn\u00e9s. Des milliers d\u2019arbres, dont certains plus que centenaires, vont \u00eatre abattus\u00a0! Malgr\u00e9 l\u2019engagement de reboiser (partiellement) post\u00e9rieurement aux travaux, les dommages seront irr\u00e9m\u00e9diables. Aucun de nous ne reverra de son vivant le bois tel qu\u2019il est aujourd\u2019hui.<\/p><p>Sans parler des nuisances engendr\u00e9es par des travaux extr\u00eamement bruyants et polluants pr\u00e9vus pour durer au moins 8 ans, impliquant l\u2019excavation de milliers de tonnes de terre du bois de Vincennes, qui transformeront en no man\u2019s land l\u2019une des zones de loisir et de promenade pr\u00e9f\u00e9r\u00e9e des franciliens, entre le parc floral et le lac des minimes.<\/p><p>Le Bois de Vincennes, foyer d\u2019une inestimable r\u00e9serve de bio-diversit\u00e9, est un site class\u00e9 du patrimoine naturel. Qu\u2019\u00e0 cela ne tienne, il est d\u00e9j\u00e0 pr\u00e9vu de lever toutes ces interdictions et de le sacrifier au nom \u00ab de l\u2019utilit\u00e9 publique du projet \u00bb ! \u00a0<\/p><p>Pourtant, de nombreuses alternatives existent qui permettraient de sauver notre bois de Vincennes\u00a0: utiliser la ligne d\u00e9j\u00e0 existante \u00e0 l\u2019arri\u00e8re gare du ch\u00e2teau de Vincennes qui relie le terminus actuel \u00e0 la station de maintenance de Fontenay-sous-Bois, privil\u00e9gier une ligne de tramway au parcours plus flexible, ou plus simplement investir les 1,5 milliards d\u2019euros du projet dans la modernisation du RER A qui suit exactement le m\u00eame parcours que la ligne 1 en plus rapide !<\/p><p>Si vous souhaitez sauver le bois de Vincennes, <span style=\"color: #ff0000;\"><strong><a style=\"color: #ff0000;\" href=\"https:\/\/www.change.org\/p\/anne-hidalgo-touche-pas-%C3%A0-mon-bois-c847313f-428b-4093-bcc8-a6837a9c6637?recruiter=38404418&amp;utm_source=share_petition&amp;utm_medium=email&amp;utm_campaign=psf_combo_share_initial&amp;recruited_by_id=daf510c0-3e12-0130-4494-3c764e049b10\" target=\"_blank\" rel=\"noopener\">signez cette p\u00e9tition<\/a><\/strong><\/span> afin d\u2019envoyer un message \u00e0 nos responsables politiques, et notamment la maire de Paris dont d\u00e9pend le bois de Vincennes, pour qu\u2019ils suspendent sans attendre ce projet, afin d\u2019\u00e9tudier sereinement des alternatives qui \u00e9pargneront le bois de Vincennes.<\/p><p>Le bois de Vincennes, c\u2019est une immense bouff\u00e9e d\u2019oxyg\u00e8ne, un lieu de promenade et de jeux pour nos enfants, une for\u00eat o\u00f9 l\u2019on aime se perdre et se retrouver, un lieu charg\u00e9 d\u2019histoire o\u00f9 Saint Louis rendait la justice sous un ch\u00eane\u2026 Sauvons le\u00a0!<\/p><p>Collectif \u00ab\u00a0Touche pas \u00e0 mon Bois\u00a0\u00bb<\/p><\/div><\/div>\t\t\t\t\t\t<\/div>\n\t\t\t\t<\/div>\n\t\t\t\t\t<\/div>\n\t\t<\/div>\n\t\t\t\t\t<\/div>\n\t\t<\/section>\n\t\t\t\t<\/div>\n\t\t","protected":false},"excerpt":{"rendered":"<p>Non au massacre du bois de Vincennes dans le cadre du prolongement de la ligne 1 du m\u00e9tro parisien Le projet de prolongement de la ligne 1 du m\u00e9tro va bient\u00f4t \u00eatre d\u00e9finitivement adopt\u00e9\u00a0: l\u2019enqu\u00eate publique va avoir lieu courant 2022. Or, le trac\u00e9 retenu et les modalit\u00e9s de construction menacent de mutiler irr\u00e9m\u00e9diablement le [&hellip;]<\/p>\n","protected":false},"author":1,"featured_media":1129,"comment_status":"closed","ping_status":"open","sticky":false,"template":"","format":"standard","meta":{"_exactmetrics_skip_tracking":false,"_exactmetrics_sitenote_active":false,"_exactmetrics_sitenote_note":"","_exactmetrics_sitenote_category":0,"ocean_post_layout":"","ocean_both_sidebars_style":"","ocean_both_sidebars_content_width":0,"ocean_both_sidebars_sidebars_width":0,"ocean_sidebar":"0","ocean_second_sidebar":"0","ocean_disable_margins":"enable","ocean_add_body_class":"","ocean_shortcode_before_top_bar":"","ocean_shortcode_after_top_bar":"","ocean_shortcode_before_header":"","ocean_shortcode_after_header":"","ocean_has_shortcode":"","ocean_shortcode_after_title":"","ocean_shortcode_before_footer_widgets":"","ocean_shortcode_after_footer_widgets":"","ocean_shortcode_before_footer_bottom":"","ocean_shortcode_after_footer_bottom":"","ocean_display_top_bar":"default","ocean_display_header":"default","ocean_header_style":"","ocean_center_header_left_menu":"0","ocean_custom_header_template":"0","ocean_custom_logo":0,"ocean_custom_retina_logo":0,"ocean_custom_logo_max_width":0,"ocean_custom_logo_tablet_max_width":0,"ocean_custom_logo_mobile_max_width":0,"ocean_custom_logo_max_height":0,"ocean_custom_logo_tablet_max_height":0,"ocean_custom_logo_mobile_max_height":0,"ocean_header_custom_menu":"0","ocean_menu_typo_font_family":"0","ocean_menu_typo_font_subset":"","ocean_menu_typo_font_size":0,"ocean_menu_typo_font_size_tablet":0,"ocean_menu_typo_font_size_mobile":0,"ocean_menu_typo_font_size_unit":"px","ocean_menu_typo_font_weight":"","ocean_menu_typo_font_weight_tablet":"","ocean_menu_typo_font_weight_mobile":"","ocean_menu_typo_transform":"","ocean_menu_typo_transform_tablet":"","ocean_menu_typo_transform_mobile":"","ocean_menu_typo_line_height":0,"ocean_menu_typo_line_height_tablet":0,"ocean_menu_typo_line_height_mobile":0,"ocean_menu_typo_line_height_unit":"","ocean_menu_typo_spacing":0,"ocean_menu_typo_spacing_tablet":0,"ocean_menu_typo_spacing_mobile":0,"ocean_menu_typo_spacing_unit":"","ocean_menu_link_color":"","ocean_menu_link_color_hover":"","ocean_menu_link_color_active":"","ocean_menu_link_background":"","ocean_menu_link_hover_background":"","ocean_menu_link_active_background":"","ocean_menu_social_links_bg":"","ocean_menu_social_hover_links_bg":"","ocean_menu_social_links_color":"","ocean_menu_social_hover_links_color":"","ocean_disable_title":"default","ocean_disable_heading":"default","ocean_post_title":"","ocean_post_subheading":"","ocean_post_title_style":"","ocean_post_title_background_color":"","ocean_post_title_background":0,"ocean_post_title_bg_image_position":"","ocean_post_title_bg_image_attachment":"","ocean_post_title_bg_image_repeat":"","ocean_post_title_bg_image_size":"","ocean_post_title_height":0,"ocean_post_title_bg_overlay":0.5,"ocean_post_title_bg_overlay_color":"","ocean_disable_breadcrumbs":"default","ocean_breadcrumbs_color":"","ocean_breadcrumbs_separator_color":"","ocean_breadcrumbs_links_color":"","ocean_breadcrumbs_links_hover_color":"","ocean_display_footer_widgets":"default","ocean_display_footer_bottom":"default","ocean_custom_footer_template":"0","cybocfi_hide_featured_image":"yes","ocean_post_oembed":"","ocean_post_self_hosted_media":"","ocean_post_video_embed":"","ocean_link_format":"","ocean_link_format_target":"self","ocean_quote_format":"","ocean_quote_format_link":"post","ocean_gallery_link_images":"off","ocean_gallery_id":[],"footnotes":""},"categories":[6],"tags":[],"class_list":["post-1125","post","type-post","status-publish","format-standard","has-post-thumbnail","hentry","category-biodiversite","entry","has-media"],"_links":{"self":[{"href":"https:\/\/www.fne94.fr\/index.php\/wp-json\/wp\/v2\/posts\/1125"}],"collection":[{"href":"https:\/\/www.fne94.fr\/index.php\/wp-json\/wp\/v2\/posts"}],"about":[{"href":"https:\/\/www.fne94.fr\/index.php\/wp-json\/wp\/v2\/types\/post"}],"author":[{"embeddable":true,"href":"https:\/\/www.fne94.fr\/index.php\/wp-json\/wp\/v2\/users\/1"}],"replies":[{"embeddable":true,"href":"https:\/\/www.fne94.fr\/index.php\/wp-json\/wp\/v2\/comments?post=1125"}],"version-history":[{"count":6,"href":"https:\/\/www.fne94.fr\/index.php\/wp-json\/wp\/v2\/posts\/1125\/revisions"}],"predecessor-version":[{"id":1132,"href":"https:\/\/www.fne94.fr\/index.php\/wp-json\/wp\/v2\/posts\/1125\/revisions\/1132"}],"wp:featuredmedia":[{"embeddable":true,"href":"https:\/\/www.fne94.fr\/index.php\/wp-json\/wp\/v2\/media\/1129"}],"wp:attachment":[{"href":"https:\/\/www.fne94.fr\/index.php\/wp-json\/wp\/v2\/media?parent=1125"}],"wp:term":[{"taxonomy":"category","embeddable":true,"href":"https:\/\/www.fne94.fr\/index.php\/wp-json\/wp\/v2\/categories?post=1125"},{"taxonomy":"post_tag","embeddable":true,"href":"https:\/\/www.fne94.fr\/index.php\/wp-json\/wp\/v2\/tags?post=1125"}],"curies":[{"name":"wp","href":"https:\/\/api.w.org\/{rel}","templated":true}]}}